{"id":249261,"date":"2026-07-01T16:03:10","date_gmt":"2026-07-01T16:03:10","guid":{"rendered":"https:\/\/www.europesays.com\/at\/249261\/"},"modified":"2026-07-01T16:03:10","modified_gmt":"2026-07-01T16:03:10","slug":"monaco-unter-schock-schatten-ueber-hochzeitstag-von-albert-charlene-kronen-zeitung","status":"publish","type":"post","link":"https:\/\/www.europesays.com\/at\/249261\/","title":{"rendered":"Monaco unter Schock &#8211; Schatten \u00fcber Hochzeitstag von Albert &amp; Charl\u00e8ne &#8211; Kronen Zeitung"},"content":{"rendered":"<p><a href=\"https:\/\/news.google.com\/rss\/articles\/CBMiQkFVX3lxTFAzd1hURk95Z3JXZktkRDREbFJZMzM3MDExTHo3UUpZOHNlMlVQcENhWlhDY01WeWVCVElwaWxRMHpidw?oc=5\" target=\"_blank\" rel=\"nofollow noopener\">Monaco unter Schock &#8211; Schatten \u00fcber Hochzeitstag von Albert &amp; Charl\u00e8ne<\/a>&nbsp;&nbsp;Kronen Zeitung<a href=\"https:\/\/news.google.com\/rss\/articles\/CBMiywFBVV95cUxPRWRLcTNBalNGQm9LWExMMXlSeFM3NnJrQlVWblowV1MxTm1SSG9WUVA4MjBnUGZtdnJ4WlZtM2EyMHR3NmRjLWkzUkNicnZNMXZpdFRVbEtNenkzRUNhNkdTcGRKMFpTSC1Hd3U3b3BmZzJhcG9FSEVnTm5fcGRmWnlrS2xWR0hyZVdCUEZUeGo2elJXbHE3ekd6aVJ3WTlJR2Q0aC1mVXhNWHBsTlYxNGFNc0hwRTRzR3VTYjNSRW9yUUZZbUNaME51cw?oc=5\" target=\"_blank\" rel=\"nofollow noopener\">F\u00fcrstin Charl\u00e8ne + F\u00fcrst Albert: H\u00f6hen und Tiefen in 15 Ehejahren! Sie feiern Kristallhochzeit<\/a>&nbsp;&nbsp;GALA.de<a href=\"https:\/\/news.google.com\/rss\/articles\/CBMimAFBVV95cUxNMkdjenFQWXFiSEZMN2RKdHFLSzRUWl9tazVxZ1pMTFcyVVJZMFhFQ2xtM0twVGVKVWtRdDhOalVrQmE0a2tOaDJtdUFHNVljb19lVFJROFJtTnRKQzJlY2ZYNDlBSUNzQ3E3YktsWVJmM2lweTNjRTkxMnI4emhuUGN1clpvZjJ3UGdxYmhyMzhaRDliSmZoNg?oc=5\" target=\"_blank\" rel=\"nofollow noopener\">F\u00fcrst Albert und Charl\u00e8ne feiern 15. Hochzeitstag: Eine undurchsichtige Ehe<\/a>&nbsp;&nbsp;GMX.AT<a href=\"https:\/\/news.google.com\/rss\/articles\/CBMi1AFBVV95cUxQeEpkbDNVYV9kMnVCT2g1UVZYYm5kSmhKb3ZoLVlzTHNYMWhUT0djVmlmbVdGSkZaM1BXRW9MNUh6SDNSRVlRYTBKYjRnRUp2WHladDAzekpFazBnQVk3WkRhbWlJQXZKN0VRa2luYXhTRDhYbDhHZnNhWVZPeDFZOVdCTGsyVGhKNDJVa3ZmYXZ4ZWJUMU9aZXNFMVFULUU5RGJLdEZNeEdKdTVQVHJDNmNxdno2d1VoQ0xJQ2o3NXZXTURjdm9EOWtnaWl5aUlDVndTYw?oc=5\" target=\"_blank\" rel=\"nofollow noopener\">F\u00fcrstin Charl\u00e8ne + F\u00fcrst Albert: Erste Fotos von Deutschlandreise mit ihren Kindern<\/a>&nbsp;&nbsp;GALA.de<a href=\"https:\/\/news.google.com\/rss\/articles\/CBMibEFVX3lxTE1PbXFTM3ZmdHJlNzAtbkdwQlE2N3F6RzlGSmtrdU1RUnJpVW5YRnd3S1FiMi1FenpjaVVhRFF2bjgzTnhVNnBkMnlQcFh3cFlPSE4wamJ0dmpwb0l3ZmNRRFBhak5tVHJOZ0FwOQ?oc=5\" target=\"_blank\" rel=\"nofollow noopener\">Royale Kristallhochzeit<\/a>&nbsp;&nbsp;Kurier<\/p>\n","protected":false},"excerpt":{"rendered":"Monaco unter Schock &#8211; Schatten \u00fcber Hochzeitstag von Albert &amp; Charl\u00e8ne&nbsp;&nbsp;Kronen ZeitungF\u00fcrstin Charl\u00e8ne + F\u00fcrst Albert: H\u00f6hen und&hellip;\n","protected":false},"author":2,"featured_media":249262,"comment_status":"","ping_status":"","sticky":false,"template":"","format":"standard","meta":{"footnotes":"","_share_on_mastodon":"0"},"categories":[22],"tags":[19104,46,42,27929,257,147,18941,69043,69044,69045,26577,60249,44,15484,4416,148,69046],"class_list":["post-249261","post","type-post","status-publish","format-standard","has-post-thumbnail","category-unterhaltung","tag-albert","tag-at","tag-austria","tag-charlene","tag-deutschland","tag-entertainment","tag-fuerst","tag-fuerstin","tag-gabriella","tag-jacques","tag-monaco","tag-nizza","tag-oesterreich","tag-suedafrika","tag-ukrainischen","tag-unterhaltung","tag-wadym-jermolajew"],"share_on_mastodon":{"url":"https:\/\/pubeurope.com\/@at\/116845569896963455","error":""},"_links":{"self":[{"href":"https:\/\/www.europesays.com\/at\/wp-json\/wp\/v2\/posts\/249261","targetHints":{"allow":["GET"]}}],"collection":[{"href":"https:\/\/www.europesays.com\/at\/wp-json\/wp\/v2\/posts"}],"about":[{"href":"https:\/\/www.europesays.com\/at\/wp-json\/wp\/v2\/types\/post"}],"author":[{"embeddable":true,"href":"https:\/\/www.europesays.com\/at\/wp-json\/wp\/v2\/users\/2"}],"replies":[{"embeddable":true,"href":"https:\/\/www.europesays.com\/at\/wp-json\/wp\/v2\/comments?post=249261"}],"version-history":[{"count":0,"href":"https:\/\/www.europesays.com\/at\/wp-json\/wp\/v2\/posts\/249261\/revisions"}],"wp:featuredmedia":[{"embeddable":true,"href":"https:\/\/www.europesays.com\/at\/wp-json\/wp\/v2\/media\/249262"}],"wp:attachment":[{"href":"https:\/\/www.europesays.com\/at\/wp-json\/wp\/v2\/media?parent=249261"}],"wp:term":[{"taxonomy":"category","embeddable":true,"href":"https:\/\/www.europesays.com\/at\/wp-json\/wp\/v2\/categories?post=249261"},{"taxonomy":"post_tag","embeddable":true,"href":"https:\/\/www.europesays.com\/at\/wp-json\/wp\/v2\/tags?post=249261"}],"curies":[{"name":"wp","href":"https:\/\/api.w.org\/{rel}","templated":true}]}}