{"id":251729,"date":"2026-07-02T19:00:19","date_gmt":"2026-07-02T19:00:19","guid":{"rendered":"https:\/\/www.europesays.com\/at\/251729\/"},"modified":"2026-07-02T19:00:19","modified_gmt":"2026-07-02T19:00:19","slug":"photovoltaik-ein-hochhaus-das-strom-erzeugt-wiens-dc-tower-2-bekommt-europas-erste-solar-fassade","status":"publish","type":"post","link":"https:\/\/www.europesays.com\/at\/251729\/","title":{"rendered":"Photovoltaik: Ein Hochhaus, das Strom erzeugt: Wiens DC Tower 2 bekommt Europas erste Solar-Fassade"},"content":{"rendered":"<p>Den Geb\u00e4udekern mit den Aufzugs- und Versorgungssch\u00e4chten sowie die St\u00fctzen f\u00fchrte <a href=\"https:\/\/solidbau.at\/news\/semmering-basistunnel-bim-digitaler-zwilling-oebb-porr-rhomberg-sersa\/\" rel=\"nofollow noopener\" target=\"_blank\">PORR <\/a>in der hochfesten Betonsorte C50\/60 aus, die Gescho\u00dfdecken in C35\/45. In der Spitze wuchs der Turm im vergangenen Jahr um ein Stockwerk pro Woche in die H\u00f6he. Zum Jahreswechsel 2025\/26 erreichte er seine volle H\u00f6he von 175 Metern, im Fr\u00fchjahr 2026 war der Rohbau abgeschlossen und das w\u00e4hrend der Bauphase mitgef\u00fchrte Windschild, das die Arbeiter in der H\u00f6he sch\u00fctzte, konnte entfernt werden.<\/p>\n<p>Eine Frage, die sich bei schlanken Hochh\u00e4usern dieser H\u00f6he stellt, ist das Schwingungsverhalten im Wind. Hohe, schlanke T\u00fcrme schwanken, und um diese Bewegungen zu d\u00e4mpfen, kommen oft Schwingungstilger zum Einsatz, gro\u00dfe, tr\u00e4ge Massen im oberen Bereich, die den Bewegungen des Bauwerks entgegenwirken. <a href=\"https:\/\/solidbau.at\/news\/porr-uebernimmt-trockenbauer-rhtb-wie-sich-der-baukonzern-fuer-den-industrialisierten-wohnbau-aufstellt\/\" rel=\"nofollow noopener\" target=\"_blank\">PORR <\/a>untersuchte das Schwingungsverhalten des DC Tower 2 \u00fcber ein digitales 3D-Echtzeitmodell. Die Auswertung zeigte, dass auf einen Schwingungstilger verzichtet werden konnte, eine Erkenntnis, die Gewicht, Kosten und Platz im Turmkopf spart.<\/p>\n<p>F\u00fcr die Schalung und die Klettertechnik setzte PORR auf Systeme von <a href=\"https:\/\/solidbau.at\/news\/sichtbeton-weststrecke-ausbau-linz-wels\/\" rel=\"nofollow noopener\" target=\"_blank\">Peri<\/a>. Der enge Zeitplan und die beengte Lage machten ein abgestimmtes Kletter- und Schalungskonzept aus einer Hand n\u00f6tig, begleitet von einem Richtmeister, der die Endmontage vor Ort betreute. F\u00fcr die umlaufenden Loggien, die thermisch heikle Schnittstellen zwischen beheiztem Innenraum und auskragender Au\u00dfenplatte bilden, lieferte MAX FRANK w\u00e4rmed\u00e4mmende Kragplattenanschl\u00fcsse, die W\u00e4rmebr\u00fccken an diesen \u00dcberg\u00e4ngen reduzieren.<\/p>\n<p>Im April 2026 erhielt das Projekt den KOOP+ Award der \u00d6sterreichischen Bautechnik Vereinigung, der die Zusammenarbeit der Projektbeteiligten, die flexible Projektabwicklung und nachhaltige L\u00f6sungen auszeichnet.<\/p>\n","protected":false},"excerpt":{"rendered":"Den Geb\u00e4udekern mit den Aufzugs- und Versorgungssch\u00e4chten sowie die St\u00fctzen f\u00fchrte PORR in der hochfesten Betonsorte C50\/60 aus,&hellip;\n","protected":false},"author":2,"featured_media":251730,"comment_status":"","ping_status":"","sticky":false,"template":"","format":"standard","meta":{"footnotes":"","_share_on_mastodon":"0"},"categories":[3],"tags":[12480,6300,12477,12476,6546,76,75,74,12485,12478,5700,12484,12483,12482,12479,12481],"class_list":["post-251729","post","type-post","status-publish","format-standard","has-post-thumbnail","category-europa","tag-baurecht","tag-baustoffe","tag-bautechnik","tag-bauwirtschaft","tag-bim","tag-eu","tag-europa","tag-europe","tag-fassaden","tag-hochbau","tag-immobilien","tag-leichtbau","tag-massivbau","tag-schalung","tag-tiefbau","tag-vergaberecht"],"share_on_mastodon":{"url":"https:\/\/pubeurope.com\/@at\/116851928435790456","error":""},"_links":{"self":[{"href":"https:\/\/www.europesays.com\/at\/wp-json\/wp\/v2\/posts\/251729","targetHints":{"allow":["GET"]}}],"collection":[{"href":"https:\/\/www.europesays.com\/at\/wp-json\/wp\/v2\/posts"}],"about":[{"href":"https:\/\/www.europesays.com\/at\/wp-json\/wp\/v2\/types\/post"}],"author":[{"embeddable":true,"href":"https:\/\/www.europesays.com\/at\/wp-json\/wp\/v2\/users\/2"}],"replies":[{"embeddable":true,"href":"https:\/\/www.europesays.com\/at\/wp-json\/wp\/v2\/comments?post=251729"}],"version-history":[{"count":0,"href":"https:\/\/www.europesays.com\/at\/wp-json\/wp\/v2\/posts\/251729\/revisions"}],"wp:featuredmedia":[{"embeddable":true,"href":"https:\/\/www.europesays.com\/at\/wp-json\/wp\/v2\/media\/251730"}],"wp:attachment":[{"href":"https:\/\/www.europesays.com\/at\/wp-json\/wp\/v2\/media?parent=251729"}],"wp:term":[{"taxonomy":"category","embeddable":true,"href":"https:\/\/www.europesays.com\/at\/wp-json\/wp\/v2\/categories?post=251729"},{"taxonomy":"post_tag","embeddable":true,"href":"https:\/\/www.europesays.com\/at\/wp-json\/wp\/v2\/tags?post=251729"}],"curies":[{"name":"wp","href":"https:\/\/api.w.org\/{rel}","templated":true}]}}