{"id":252440,"date":"2026-07-03T04:54:11","date_gmt":"2026-07-03T04:54:11","guid":{"rendered":"https:\/\/www.europesays.com\/at\/252440\/"},"modified":"2026-07-03T04:54:11","modified_gmt":"2026-07-03T04:54:11","slug":"hyundai-avante-elantra-oldschool-limousine-auch-fuer-europa","status":"publish","type":"post","link":"https:\/\/www.europesays.com\/at\/252440\/","title":{"rendered":"Hyundai Avante\/Elantra: Oldschool-Limousine auch f\u00fcr Europa?"},"content":{"rendered":"<p>Kompaktlimousinen sind in Europa fast verschwunden! Deshalb f\u00e4llt der neue <a href=\"https:\/\/www.autobild.de\/marken-modelle\/hyundai\/\" class=\"textLink\" data-v-146e9600=\"\" data-v-00730930=\"\" rel=\"nofollow noopener\" target=\"_blank\">Hyundai<\/a> Avante besonders auf. In Korea tr\u00e4gt er diesen Namen, in vielen anderen M\u00e4rkten hei\u00dft er <a href=\"https:\/\/www.autobild.de\/marken-modelle\/hyundai\/elantra\/\" class=\"textLink\" data-v-146e9600=\"\" data-v-00730930=\"\" rel=\"nofollow noopener\" target=\"_blank\">Elantra<\/a> \u2013 so bis 2006 auch in Deutschland. Heute zeigt das Modell, dass eine klassische Stufenheck-Limousine auch 2026 noch funktionieren kann.ANZEIGENeuwagen kaufen<\/p>\n<p class=\"mt-0 mb-10 w-full text-center text-22 leading-30 font-extrabold md:my-16 md:mt-2 md:mb-0 md:text-left md:text-24 mt-4\">Einfach zum neuen Auto!<\/p>\n<p class=\"mb-5 hidden w-full md:mt-3 md:mb-6 md:block md:text-left md:text-22 md:leading-30\">Finde g\u00fcnstige Kaufdeals.<\/p>\n<p class=\"mb-5 hidden text-center font-bold md:mb-5 md:block md:w-full md:text-left md:text-18 md:leading-30\">Deine Carwow Vorteile:<\/p>\n<p class=\"ml-8 md:ml-10\">Vertrauensw\u00fcrdige H\u00e4ndler<\/p>\n<p class=\"ml-8 md:ml-10\">Angebote aus deiner N\u00e4he<\/p>\n<p class=\"ml-8 md:ml-10\">Stressfrei &amp; ohne Verhandeln<\/p>\n<p>* Die durchschnittliche Ersparnis berechnet sich im Vergleich zur unverbindlichen Preisempfehlung des Herstellers aus allen auf carwow errechneten Konfigurationen zwischen Juni und November 2023. Sie ist ein Durchschnittswert aller angebotenen Modelle und variiert je nach Hersteller, Modell und H\u00e4ndler.<\/p>\n<p>Im Vergleich mit den aktuellen Crossover-Modellen im Kompaktformat wirkt der Avante auf den ersten Blick anders. Die Karosserie ist flach, die Front breit, die Seitenlinie klar gezogen. Dazu kommen schmale Leuchten, ausgeformte Kotfl\u00fcgel und ein deutlich abgesetztes Heck. Das soll nicht zwingend retro sein, erinnert aber an eine Zeit, in der <a href=\"https:\/\/www.autobild.de\/marken-modelle\/subaru\/impreza\/\" class=\"textLink\" data-v-146e9600=\"\" data-v-00730930=\"\" rel=\"nofollow noopener\" target=\"_blank\">Subaru Impreza<\/a>, <a href=\"https:\/\/www.autobild.de\/marken-modelle\/mitsubishi\/lancer\/\" class=\"textLink\" data-v-146e9600=\"\" data-v-00730930=\"\" rel=\"nofollow noopener\" target=\"_blank\">Mitsubishi Lancer<\/a> oder <a href=\"https:\/\/www.autobild.de\/marken-modelle\/honda\/civic\/\" class=\"textLink\" data-v-146e9600=\"\" data-v-00730930=\"\" rel=\"nofollow noopener\" target=\"_blank\">Honda Civic<\/a> Limousine noch selbstverst\u00e4ndlich zum Stra\u00dfenbild geh\u00f6rten.<img decoding=\"async\" src=\"https:\/\/i.auto-bild.de\/ir_img\/4\/0\/8\/0\/4\/5\/5\/Hyundai-Avante-3051-717x478.jpg-f08946c00a77753d.avif?impolicy=leadteaser\" alt=\"Hyundai Avante\" data-copyright-text=\"Hyundai\" width=\"717\" height=\"478\" loading=\"lazy\" class=\"basicImage\" data-v-ecdad8f4=\"\" data-v-b8424c95=\"\"\/><\/p>\n<p>Der neue Hyundai Avante zeigt klare Kanten und klassische Limousinen-Proportionen. In vielen M\u00e4rkten hei\u00dft er Elantra.<\/p>\n<p> Bild: Hyundai<\/p>\n<p>Doch macht genau dieser Ansatz den Hyundai interessant? Er braucht keine Offroad-Anmutung und keine SUV-Proportionen \u2013 stattdessen setzt Hyundai auf eine normale Sitzh\u00f6he, vier T\u00fcren, ordentlichen Kofferraum und eine Form, die auff\u00e4llt, ohne \u00fcbertrieben zu sein. F\u00fcr deutsche Kunden w\u00e4re das vermutlich eine willkommene Abwechslung.<\/p>\n<p><img decoding=\"async\" src=\"https:\/\/i.auto-bild.de\/ir_img\/4\/0\/8\/0\/4\/5\/5\/Hyundai-Avante-3053-1280x853.jpg-ddf06154d27e372c.avif?impolicy=leadteaser\" alt=\"Hyundai Avante\" data-copyright-text=\"Hyundai\" width=\"1280\" height=\"853\" loading=\"lazy\" class=\"basicImage\" data-v-ecdad8f4=\"\" data-v-b8424c95=\"\"\/><\/p>\n<p>Flach, kantig, mit Stufenheck: Der Hyundai Elantra w\u00e4re auch f\u00fcr Europa eine interessante SUV-Alternative.<\/p>\n<p> Bild: Hyundai<\/p>\n<p>Bei den Abmessungen hat der Elantra zugelegt. Die neue Generation misst 4,77 Meter in der L\u00e4nge, 1,86 Meter in der Breite und 1,43 Meter in der H\u00f6he. Der Radstand ist auf 2,75 Meter gewachsen. Damit bleibt der Hyundai kompakt genug f\u00fcr den Alltag, bietet aber innen mehr Platz als bisher.<\/p>\n<p><img decoding=\"async\" src=\"https:\/\/i.auto-bild.de\/ir_img\/4\/0\/8\/0\/4\/5\/5\/Hyundai-Avante-3055-717x478.jpg-61fea74364f1c4e6.avif?impolicy=leadteaser\" alt=\"Hyundai Avante\" data-copyright-text=\"Hyundai\" width=\"717\" height=\"478\" loading=\"lazy\" class=\"basicImage\" data-v-ecdad8f4=\"\" data-v-b8424c95=\"\"\/><\/p>\n<p>Innen setzt Hyundai auf gro\u00dfe Displays, beh\u00e4lt aber wichtige Tasten und Regler f\u00fcr die Bedienung bei.<\/p>\n<p> Bild: Hyundai<\/p>\n<p>Das Interieur ist moderner geworden. Hyundai verbaut das neue Infotainmentsystem &#8222;Pleos Connect&#8220;, je nach Ausf\u00fchrung mit 12,9 oder 14,6 Zoll gro\u00dfem Bildschirm. Dazu kommt der KI-Assistent &#8222;Gleo AI&#8220;. Wichtig f\u00fcr den Alltag: Unterhalb des Displays bleiben klassische Tasten und Regler erhalten.<\/p>\n<p>Wie stehen die Chancen f\u00fcr Europa?<\/p>\n<p>Bei den Motoren bleibt Hyundai zun\u00e4chst vern\u00fcnftig. In Korea startet der Avante mit einem 149 PS starken Zweiliter-Benziner. Au\u00dferdem gibt es einen 1,6-Liter-Hybrid mit 157 PS Systemleistung. Das sind keine spektakul\u00e4ren Werte \u2013 sie passen aber zu einer Limousine, die eher als sparsames Alltagsauto gedacht ist. Ein sp\u00e4terer Elantra N w\u00e4re auf jeden Fall spannend, doch offiziell gesichert ist f\u00fcr Europa noch nichts.<\/p>\n<p>Und genau da liegt der Punkt. In S\u00fcdkorea soll der Avante noch 2026 starten, Nordamerika d\u00fcrfte den Elantra sp\u00e4ter ebenfalls bekommen. F\u00fcr Europa gibt es bislang keine feste Zusage. Dabei w\u00e4re eine klassische Limousine eine \u00fcberraschende Abwechslung!<\/p>\n","protected":false},"excerpt":{"rendered":"Kompaktlimousinen sind in Europa fast verschwunden! Deshalb f\u00e4llt der neue Hyundai Avante besonders auf. In Korea tr\u00e4gt er&hellip;\n","protected":false},"author":2,"featured_media":252441,"comment_status":"","ping_status":"","sticky":false,"template":"","format":"standard","meta":{"footnotes":"","_share_on_mastodon":"0"},"categories":[3],"tags":[4283,68139,69650,6704,68138,76,75,74,23054,6994,40545,69649,69648,25780,42807,5020,41,69647,1714,28292],"class_list":["post-252440","post","type-post","status-publish","format-standard","has-post-thumbnail","category-europa","tag-auto","tag-avante","tag-bestseller","tag-dna","tag-elantra","tag-eu","tag-europa","tag-europe","tag-frueher","tag-home","tag-hyundai","tag-impreza","tag-limousine","tag-limousinen","tag-look","tag-modell","tag-news","tag-oldschool","tag-suedkorea","tag-treffer"],"share_on_mastodon":{"url":"https:\/\/pubeurope.com\/@at\/116854264266254226","error":""},"_links":{"self":[{"href":"https:\/\/www.europesays.com\/at\/wp-json\/wp\/v2\/posts\/252440","targetHints":{"allow":["GET"]}}],"collection":[{"href":"https:\/\/www.europesays.com\/at\/wp-json\/wp\/v2\/posts"}],"about":[{"href":"https:\/\/www.europesays.com\/at\/wp-json\/wp\/v2\/types\/post"}],"author":[{"embeddable":true,"href":"https:\/\/www.europesays.com\/at\/wp-json\/wp\/v2\/users\/2"}],"replies":[{"embeddable":true,"href":"https:\/\/www.europesays.com\/at\/wp-json\/wp\/v2\/comments?post=252440"}],"version-history":[{"count":0,"href":"https:\/\/www.europesays.com\/at\/wp-json\/wp\/v2\/posts\/252440\/revisions"}],"wp:featuredmedia":[{"embeddable":true,"href":"https:\/\/www.europesays.com\/at\/wp-json\/wp\/v2\/media\/252441"}],"wp:attachment":[{"href":"https:\/\/www.europesays.com\/at\/wp-json\/wp\/v2\/media?parent=252440"}],"wp:term":[{"taxonomy":"category","embeddable":true,"href":"https:\/\/www.europesays.com\/at\/wp-json\/wp\/v2\/categories?post=252440"},{"taxonomy":"post_tag","embeddable":true,"href":"https:\/\/www.europesays.com\/at\/wp-json\/wp\/v2\/tags?post=252440"}],"curies":[{"name":"wp","href":"https:\/\/api.w.org\/{rel}","templated":true}]}}