{"id":254240,"date":"2026-07-03T23:42:09","date_gmt":"2026-07-03T23:42:09","guid":{"rendered":"https:\/\/www.europesays.com\/at\/254240\/"},"modified":"2026-07-03T23:42:09","modified_gmt":"2026-07-03T23:42:09","slug":"acht-symptome-gesundheitsreform-leidet-schon-am-ersten-schnupfen-kronen-zeitung","status":"publish","type":"post","link":"https:\/\/www.europesays.com\/at\/254240\/","title":{"rendered":"Acht \u201eSymptome\u201c &#8211; Gesundheitsreform leidet schon am ersten Schnupfen &#8211; Kronen Zeitung"},"content":{"rendered":"<p><a href=\"https:\/\/news.google.com\/rss\/articles\/CBMiQkFVX3lxTE9vN2pjdVpDZlh0d3dqbnl4ck5TeldfRTU1MlRFVXdwU01GLWVkV21kLUxBdGZJZHJtUGhaQ2tEYTVrZw?oc=5\" target=\"_blank\" rel=\"nofollow noopener\">Acht \u201eSymptome\u201c &#8211; Gesundheitsreform leidet schon am ersten Schnupfen<\/a>&nbsp;&nbsp;Kronen Zeitung<a href=\"https:\/\/news.google.com\/rss\/articles\/CBMimwFBVV95cUxNbDlDTG9fRnFsY1JrMl9lOHQ2bUx6MUFDMFZiMFFGQkVtZktRdjBjQmo3TDVRTXlaZ1FJQjU0LXc3V05sRFhPQm41ZWpOWmVRLWVNYlNEM3BJcnVUNDBJb09DekNOd1RYZUxiNUwzYjVXeUl0R3E0UW9JUnR5MnBfVHpzVFd1WE4wTzR2XzdCM3JuX2Ztd1FMTDI4WQ?oc=5\" target=\"_blank\" rel=\"nofollow noopener\">L\u00e4nder wehren sich gegen Spitalspl\u00e4ne der Regierung<\/a>&nbsp;&nbsp;ORF ON<a href=\"https:\/\/news.google.com\/rss\/articles\/CBMinAFBVV95cUxOVDhDWUtPWkIzZ1ViQ1FESi1TenJfZmlRcFRPTzc5MzczWEJ1TXdxVm0yV29KTFY0THBBcUs2bE9rbVBxUHB6UDZ1TVlhSHpuVzRPSnBOZ3ktZDZsVzJrcmNvRUpBQ2puTkJwajNmd3lCWUZ3cE5WcEh2aWRxNXdmQ2tiVEg0TGxVVDY2VGtvbDF3dTRvQ0toM2pQLVk?oc=5\" target=\"_blank\" rel=\"nofollow noopener\">Viele Details der Gesundheitsreform bleiben offen<\/a>&nbsp;&nbsp;Der Standard<a href=\"https:\/\/news.google.com\/rss\/articles\/CBMipgFBVV95cUxOS1BHQWpocFpOenA0UWMzNFo5MC1KS0pwbkFHOXhGNTJlQUZnRnBPd05LeGtLOF9MeDlqSENSLWFBdl9rV0VPUmZQNHFzN2ZRRmpsUTJEek1laVFxQ3hfVGZmLTA0RjkyTFlmd3BJOVA1SDE3anVXRUhtc1BBNzZram1mNXp3UmROaFhEYnloQWt2NG1ObGFpRk94WkhMa2Ixc3ZmQjV3?oc=5\" target=\"_blank\" rel=\"nofollow noopener\">Spit\u00e4ler k\u00fcrzen? L\u00e4nder wollen von Reform wenig wissen<\/a>&nbsp;&nbsp;profil.at<a href=\"https:\/\/news.google.com\/rss\/articles\/CBMikgFBVV95cUxNLVFPMlZzcWoyNGxCZ3ZTQTA2NjFkVm5jNE91aEZ1ai1wYnNiNXpYb3VLU1JzaE13U1Z5M1FTSnk5UjRKck5SQS15SnZaVGs4NlNrbC1qejI1czNRbi1qTlNaQm1tRFZzNnRqUlNja1FoRFRkbVU4andCcmdIbi1OTXlpSUthTHlscmpMMGxiZm5fUQ?oc=5\" target=\"_blank\" rel=\"nofollow noopener\">Bund soll k\u00fcnftig gesamtes Bildungspersonal bezahlen<\/a>&nbsp;&nbsp;DiePresse.com<\/p>\n","protected":false},"excerpt":{"rendered":"Acht \u201eSymptome\u201c &#8211; Gesundheitsreform leidet schon am ersten Schnupfen&nbsp;&nbsp;Kronen ZeitungL\u00e4nder wehren sich gegen Spitalspl\u00e4ne der Regierung&nbsp;&nbsp;ORF ONViele Details&hellip;\n","protected":false},"author":2,"featured_media":254241,"comment_status":"","ping_status":"","sticky":false,"template":"","format":"standard","meta":{"footnotes":"","_share_on_mastodon":"0"},"categories":[8],"tags":[2221,1193,2191,4918,21297,40,41,413,39,31708,2227,2228,38],"class_list":["post-254240","post","type-post","status-publish","format-standard","has-post-thumbnail","category-nachrichten","tag-august-woeginger","tag-christian-stocker","tag-daniel-fellner","tag-hans-peter-doskozil","tag-korinna-schumann","tag-nachrichten","tag-news","tag-oevp","tag-schlagzeilen","tag-schumann","tag-stocker","tag-thomas-stelzer","tag-top-meldungen"],"share_on_mastodon":{"url":"https:\/\/pubeurope.com\/@at\/116858699539228731","error":""},"_links":{"self":[{"href":"https:\/\/www.europesays.com\/at\/wp-json\/wp\/v2\/posts\/254240","targetHints":{"allow":["GET"]}}],"collection":[{"href":"https:\/\/www.europesays.com\/at\/wp-json\/wp\/v2\/posts"}],"about":[{"href":"https:\/\/www.europesays.com\/at\/wp-json\/wp\/v2\/types\/post"}],"author":[{"embeddable":true,"href":"https:\/\/www.europesays.com\/at\/wp-json\/wp\/v2\/users\/2"}],"replies":[{"embeddable":true,"href":"https:\/\/www.europesays.com\/at\/wp-json\/wp\/v2\/comments?post=254240"}],"version-history":[{"count":0,"href":"https:\/\/www.europesays.com\/at\/wp-json\/wp\/v2\/posts\/254240\/revisions"}],"wp:featuredmedia":[{"embeddable":true,"href":"https:\/\/www.europesays.com\/at\/wp-json\/wp\/v2\/media\/254241"}],"wp:attachment":[{"href":"https:\/\/www.europesays.com\/at\/wp-json\/wp\/v2\/media?parent=254240"}],"wp:term":[{"taxonomy":"category","embeddable":true,"href":"https:\/\/www.europesays.com\/at\/wp-json\/wp\/v2\/categories?post=254240"},{"taxonomy":"post_tag","embeddable":true,"href":"https:\/\/www.europesays.com\/at\/wp-json\/wp\/v2\/tags?post=254240"}],"curies":[{"name":"wp","href":"https:\/\/api.w.org\/{rel}","templated":true}]}}