{"id":256531,"date":"2026-07-05T09:47:07","date_gmt":"2026-07-05T09:47:07","guid":{"rendered":"https:\/\/www.europesays.com\/at\/256531\/"},"modified":"2026-07-05T09:47:07","modified_gmt":"2026-07-05T09:47:07","slug":"vandalen-unbekannte-zogen-in-waidhofen-ybbs-spur-der-verwuestung","status":"publish","type":"post","link":"https:\/\/www.europesays.com\/at\/256531\/","title":{"rendered":"Vandalen &#8211; Unbekannte zogen in Waidhofen\/Ybbs Spur der Verw\u00fcstung"},"content":{"rendered":"<p>        <img decoding=\"async\" src=\"https:\/\/www.europesays.com\/at\/wp-content\/uploads\/2026\/07\/img-7yGlWfx4A4id6BbK.jpeg\" data-fullscreen-src=\"https:\/\/www.noen.at\/image\/3840x0-jpg\/6514935\/img-7yGlWfx4A4id6BbK.jpeg\" bad-src=\"https:\/\/www.europesays.com\/at\/wp-content\/uploads\/2026\/07\/img-7yGlWfx4A4id6BbK.jpeg\" data-teaser-member=\"image\" alt=\"Vandalen Redtenbach Waidhofen\/Ybbs\"\/><\/p>\n<p>\n                Die unbekannten T\u00e4ter besch\u00e4digten das T\u00fcrglas einer Garage und schlugen anschlie\u00dfend die Heckscheibe des darin befindlichen Pkw mit einem Holzst\u00fcck ein.            <\/p>\n<p>\n                Foto:<br \/>\n                LPD N\u00d6                            <\/p>\n<p>\n        Zwei bislang unbekannte m\u00e4nnliche T\u00e4ter besch\u00e4digten in der Nacht auf Samstag im Redtenbach Autos und Geb\u00e4ude. Die Polizei bittet um Hinweise.     <\/p>\n<p>In der Nacht auf Samstag kam es in Waidhofen\/Ybbs in den fr\u00fchen Morgenstunden zu mehreren Sachbesch\u00e4digungen. Zwei bislang unbekannte m\u00e4nnliche T\u00e4ter stehen im Verdacht, im Bereich der Redtenbachstra\u00dfe gew\u00fctet zu haben.<\/p>\n","protected":false},"excerpt":{"rendered":"Die unbekannten T\u00e4ter besch\u00e4digten das T\u00fcrglas einer Garage und schlugen anschlie\u00dfend die Heckscheibe des darin befindlichen Pkw mit&hellip;\n","protected":false},"author":2,"featured_media":256532,"comment_status":"","ping_status":"","sticky":false,"template":"","format":"standard","meta":{"footnotes":"","_share_on_mastodon":"0"},"categories":[6],"tags":[396,46,42,70382,44,70380,70379,43,45,12694,40916,70381],"class_list":["post-256531","post","type-post","status-publish","format-standard","has-post-thumbnail","category-oesterreich","tag-_slideshow","tag-at","tag-austria","tag-auto-beschaedigt","tag-oesterreich","tag-polizei-waidhofen-ybbs","tag-redtenbachstrasse","tag-republic-of-austria","tag-republik-oesterreich","tag-sachbeschaedigung","tag-vandalismus","tag-zeugen-gesucht"],"share_on_mastodon":{"url":"https:\/\/pubeurope.com\/@at\/116866741062316065","error":""},"_links":{"self":[{"href":"https:\/\/www.europesays.com\/at\/wp-json\/wp\/v2\/posts\/256531","targetHints":{"allow":["GET"]}}],"collection":[{"href":"https:\/\/www.europesays.com\/at\/wp-json\/wp\/v2\/posts"}],"about":[{"href":"https:\/\/www.europesays.com\/at\/wp-json\/wp\/v2\/types\/post"}],"author":[{"embeddable":true,"href":"https:\/\/www.europesays.com\/at\/wp-json\/wp\/v2\/users\/2"}],"replies":[{"embeddable":true,"href":"https:\/\/www.europesays.com\/at\/wp-json\/wp\/v2\/comments?post=256531"}],"version-history":[{"count":0,"href":"https:\/\/www.europesays.com\/at\/wp-json\/wp\/v2\/posts\/256531\/revisions"}],"wp:featuredmedia":[{"embeddable":true,"href":"https:\/\/www.europesays.com\/at\/wp-json\/wp\/v2\/media\/256532"}],"wp:attachment":[{"href":"https:\/\/www.europesays.com\/at\/wp-json\/wp\/v2\/media?parent=256531"}],"wp:term":[{"taxonomy":"category","embeddable":true,"href":"https:\/\/www.europesays.com\/at\/wp-json\/wp\/v2\/categories?post=256531"},{"taxonomy":"post_tag","embeddable":true,"href":"https:\/\/www.europesays.com\/at\/wp-json\/wp\/v2\/tags?post=256531"}],"curies":[{"name":"wp","href":"https:\/\/api.w.org\/{rel}","templated":true}]}}