{"id":256724,"date":"2026-07-05T11:54:13","date_gmt":"2026-07-05T11:54:13","guid":{"rendered":"https:\/\/www.europesays.com\/at\/256724\/"},"modified":"2026-07-05T11:54:13","modified_gmt":"2026-07-05T11:54:13","slug":"traenen-unterm-aetna-eros-ramazzotti-fuehrte-tochter-aurora-zum-altar-kronen-zeitung","status":"publish","type":"post","link":"https:\/\/www.europesays.com\/at\/256724\/","title":{"rendered":"Tr\u00e4nen unterm \u00c4tna &#8211; Eros Ramazzotti f\u00fchrte Tochter Aurora zum Altar &#8211; Kronen Zeitung"},"content":{"rendered":"<p><a href=\"https:\/\/news.google.com\/rss\/articles\/CBMiQkFVX3lxTE9mc2s5RTRJX0dXRUNxWGZPQ2M5c2hadFFJdWg2TkFXMTNua0Q2TFNyZk5YVlc4NEZYVGVTTGx1SVM5dw?oc=5\" target=\"_blank\" rel=\"nofollow noopener\">Tr\u00e4nen unterm \u00c4tna &#8211; Eros Ramazzotti f\u00fchrte Tochter Aurora zum Altar<\/a>&nbsp;&nbsp;Kronen Zeitung<a href=\"https:\/\/news.google.com\/rss\/articles\/CBMiRkFVX3lxTFBsNDV2MTVHQmpJZXc4cWhKWktVWW5sazZhLXQ2TUdxN2Ryd3dTaEswWUZtbDRnLU9HSldKQkJaQVNmMzZfRXc?oc=5\" target=\"_blank\" rel=\"nofollow noopener\">Aurora Ramazzotti startet Hochzeitswochenende auf Sizilien<\/a>&nbsp;&nbsp;ORF<a href=\"https:\/\/news.google.com\/rss\/articles\/CBMisgFBVV95cUxOejRYcGs0QjZZOG9WS1JlU0M3T1NLSWh1a0NEOUVRbzBEQjNYNHpwTlA2TWFCbXRtcHBSekswSnZ2cmh6ZVo5X3RqT3hCNERpZm02akVDYmwtNVRmSFFQYTVsbG81bnhYaW54NHdvb1pta0U3NlRiN2E5Zkc4RzgxV3NrT1hGb0J0Q3NDbkNIaC1ySmk2aWpIM3FxY09lcFFzX3BEdkhMWmlzQ0xOYi1fUFB3?oc=5\" target=\"_blank\" rel=\"nofollow noopener\">Michelle Hunziker: Tochter Aurora hat Ja gesagt! Brautmutter begeistert in Discomint<\/a>&nbsp;&nbsp;GALA.de<a href=\"https:\/\/news.google.com\/rss\/articles\/CBMikwFBVV95cUxQV2pBbGdlaFplRC0tM0VYbFNWcF9CckMybHYtVmhoLTJnSzZadVNRbzhnQmYzYzJwTHZqcFFkOGNFaTJYVVRkNlBieVN4bVhwWkoxQkxWM25neDN3d3Rsb2dVYXVNSmRhODF2TVkzYWxPYklQWWdRQXRVM2dNTFkwZldCTFZJTHUxZlFvYldaY1VhS1U?oc=5\" target=\"_blank\" rel=\"nofollow noopener\">Aurora Ramazzotti: F\u00fcr ihre Hochzeit in Sizilien w\u00e4hlte sie ein Brautkleid von Armani \u2013 eine Hommage an das ihrer Mutter Michelle Hunziker von 1998<\/a>&nbsp;&nbsp;VOGUE<a href=\"https:\/\/news.google.com\/rss\/articles\/CBMi2wFBVV95cUxQYUEwWm1NMGREYnZRWDBsYVZlQ3I2cFRzeWxCWU5WbGlrcFhXWW16cWp1Mnp2MnlldU5Ddlo5ZDdOOHlfcXhmMHBUOVRlcWhqWDVBbDdOM1ZvMmk0bnprOGVNRHRFYVBHTllPM1B2NW1VNU8xZXZraGhOZ2x2Snc0Z1FjdXFqWEtPMkdseTV5ZjZoTjVuOHU3a0dsUnFpcUNlN0U3aXk1V21vMlBmM1h6akZlSFRRRzNuUFdobXN0VXNMcERxTWFjOGlIclRDbUUyUlNVUXI3eDUwM3c?oc=5\" target=\"_blank\" rel=\"nofollow noopener\">Aurora Ramazzotti: Michelle Hunziker weinte beim Ja-Wort ihrer Tochter<\/a>&nbsp;&nbsp;BILD<\/p>\n","protected":false},"excerpt":{"rendered":"Tr\u00e4nen unterm \u00c4tna &#8211; Eros Ramazzotti f\u00fchrte Tochter Aurora zum Altar&nbsp;&nbsp;Kronen ZeitungAurora Ramazzotti startet Hochzeitswochenende auf Sizilien&nbsp;&nbsp;ORFMichelle Hunziker:&hellip;\n","protected":false},"author":2,"featured_media":256725,"comment_status":"","ping_status":"","sticky":false,"template":"","format":"standard","meta":{"footnotes":"","_share_on_mastodon":"0"},"categories":[22],"tags":[46,69537,60690,69829,42,70398,147,66514,10542,69834,69541,8835,44,69544,28181,148,69836],"class_list":["post-256724","post","type-post","status-publish","format-standard","has-post-thumbnail","category-unterhaltung","tag-at","tag-aurora","tag-aurora-ramazzotti","tag-auroras","tag-austria","tag-castello-di-xirumi","tag-entertainment","tag-eros","tag-eros-ramazzotti","tag-goffredo","tag-goffredo-cerza","tag-michelle-hunziker","tag-oesterreich","tag-ramazzotti","tag-sizilien","tag-unterhaltung","tag-val-di-catania"],"share_on_mastodon":{"url":"https:\/\/pubeurope.com\/@at\/116867240156824558","error":""},"_links":{"self":[{"href":"https:\/\/www.europesays.com\/at\/wp-json\/wp\/v2\/posts\/256724","targetHints":{"allow":["GET"]}}],"collection":[{"href":"https:\/\/www.europesays.com\/at\/wp-json\/wp\/v2\/posts"}],"about":[{"href":"https:\/\/www.europesays.com\/at\/wp-json\/wp\/v2\/types\/post"}],"author":[{"embeddable":true,"href":"https:\/\/www.europesays.com\/at\/wp-json\/wp\/v2\/users\/2"}],"replies":[{"embeddable":true,"href":"https:\/\/www.europesays.com\/at\/wp-json\/wp\/v2\/comments?post=256724"}],"version-history":[{"count":0,"href":"https:\/\/www.europesays.com\/at\/wp-json\/wp\/v2\/posts\/256724\/revisions"}],"wp:featuredmedia":[{"embeddable":true,"href":"https:\/\/www.europesays.com\/at\/wp-json\/wp\/v2\/media\/256725"}],"wp:attachment":[{"href":"https:\/\/www.europesays.com\/at\/wp-json\/wp\/v2\/media?parent=256724"}],"wp:term":[{"taxonomy":"category","embeddable":true,"href":"https:\/\/www.europesays.com\/at\/wp-json\/wp\/v2\/categories?post=256724"},{"taxonomy":"post_tag","embeddable":true,"href":"https:\/\/www.europesays.com\/at\/wp-json\/wp\/v2\/tags?post=256724"}],"curies":[{"name":"wp","href":"https:\/\/api.w.org\/{rel}","templated":true}]}}