{"id":257607,"date":"2026-07-05T23:45:14","date_gmt":"2026-07-05T23:45:14","guid":{"rendered":"https:\/\/www.europesays.com\/at\/257607\/"},"modified":"2026-07-05T23:45:14","modified_gmt":"2026-07-05T23:45:14","slug":"ex-bvb-profi-niklas-suele-kickt-nach-karriereende-in-kreisliga-weiter","status":"publish","type":"post","link":"https:\/\/www.europesays.com\/at\/257607\/","title":{"rendered":"Ex-BVB-Profi Niklas S\u00fcle kickt nach Karriereende in Kreisliga weiter"},"content":{"rendered":"<p>Nach Karriereende als Profi\u00a0<\/p>\n<p>                                    <img decoding=\"async\" src=\"https:\/\/www.europesays.com\/at\/wp-content\/uploads\/2026\/07\/niklas-sule-borussia-dortmund-2026-1776611873-195082.jpg\" title=\"Ex-BVB-Profi Niklas S\u00fcle kickt nach Karriereende in Kreisliga weiter\" alt=\"Ex-BVB-Profi Niklas S\u00fcle kickt nach Karriereende in Kreisliga weiter\"\/><\/p>\n<p>\n                                       \u00a9IMAGO\n                                    <\/p>\n<p>Nach seinem Karriereende als Profi kickt <a title=\"Niklas S\u00fcle\" href=\"https:\/\/www.transfermarkt.ch\/niklas-s-le\/profil\/spieler\/166601\" target=\"_blank\" rel=\"nofollow noopener\">Niklas S\u00fcle<\/a> in der Kreisliga weiter. Wie der 30-J\u00e4hrige bei \u201eSky\u201c best\u00e4tigte, wird der Innenverteidiger k\u00fcnftig f\u00fcr den <a title=\"SV Tiefenbach\" href=\"https:\/\/www.transfermarkt.ch\/sv-tiefenbach\/startseite\/verein\/6285\" target=\"_blank\" rel=\"nofollow noopener\">SV Tiefenbach<\/a> aus Baden-W\u00fcrttemberg auflaufen. Sein Vertrag bei <a title=\"Borussia Dortmund\" href=\"https:\/\/www.transfermarkt.ch\/borussia-dortmund\/startseite\/verein\/16\" target=\"_blank\" rel=\"nofollow noopener\">Borussia Dortmund<\/a> war Ende Juni ausgelaufen.<\/p>\n<p><\/p>\n<p>\u201eIch freue mich sehr, den Fu\u00dfball endlich wieder aus einem ganz anderen Blickwinkel zu erleben \u2013 dort, wo es einzig und allein um den Sport an sich geht und nicht um ein Gesch\u00e4ft oder ums Geld. Hinzu kommt, dass beim SV Tiefenbach zwei meiner besten Freunde spielen, von denen einer sogar hier als Trainer t\u00e4tig ist. Nach 13 Jahren Profifu\u00dfball ist es f\u00fcr mich ein absolutes Geschenk, mit meinen Kumpels auf dem Platz stehen zu d\u00fcrfen und die Freude an diesem wundervollen Sport noch einmal in vollen Z\u00fcgen genie\u00dfen zu k\u00f6nnen\u201c, sagte S\u00fcle.<\/p>\n<p><\/p>\n<p>Ausschlaggebend f\u00fcr S\u00fcles Entscheidung, die Fu\u00dfballschuhe auf Profiniveau an den Nagel zu h\u00e4ngen, war der 18. April. Bei der 1:2-Niederlage in Hoffenheim zog er sich eine Knieverletzung zu und musste in der 42. Minute vom Platz. Danach gab es zun\u00e4chst Bef\u00fcrchtungen, dass er erneut einen Kreuzbandriss erlitten habe. \u201eAls ich am n\u00e4chsten Tag ins MRT gekommen bin und die gute Nachricht erhalten habe (dass es doch kein Kreuzbandriss war), war f\u00fcr mich zu tausend Prozent klar, dass es vorbei ist. Ich konnte mir nichts Schlimmeres vorstellen, als mich eigentlich auf die Zeit danach zu freuen \u2013 unabh\u00e4ngig zu sein, in den Urlaub zu gehen, Zeit mit meinen Kindern zu verbringen \u2013 dann aber meinen dritten Kreuzbandriss verarbeiten zu m\u00fcssen.\u201c Im November 2014 zog sich S\u00fcle den ersten Kreuzbandriss zu, fehlte 204 Tage und verpasste 27 Spiele. Die zweite Kreuzbandverletzung ereignete sich im Oktober 2019 \u2013 er fehlte 183 Tage und fiel f\u00fcr 27 Partien aus.<\/p>\n<p><\/p>\n<p class=\"elementtoproof\">S\u00fcle wechselte 2022 abl\u00f6sefrei mit einem Marktwert von 35 Millionen Euro vom FC Bayern zum BVB und unterschrieb einen Vierjahresvertrag, der ihm zum Top-Verdiener machte. Seine Einsatzzeiten sanken von Saison zu Saison. F\u00fcr die Dortmunder bestritt er insgesamt 110 Partien, f\u00fcr Ausbildungsklub TSG Hoffenheim, f\u00fcr den er im Mai 2013 in der Bundesliga deb\u00fctierte, waren es 117 und f\u00fcr die M\u00fcnchner 171 Spiele. Alle gro\u00dfen Titel auf Vereinsebene gewann der 1,95 Meter gro\u00dfe Verteidiger im Bayern-Trikot. Darunter f\u00fcnf Meisterschaften, 2020 die Champions League, zweimal den DFB-Pokal und 2021 die Klub-Weltmeisterschaft (<a href=\"https:\/\/www.transfermarkt.ch\/niklas-sule\/erfolge\/spieler\/166601\" target=\"_blank\" rel=\"nofollow noopener\">zu S\u00fcles Titelsammlung<\/a>).<\/p>\n<p><\/p>\n<p>\n                                Hinweis:<br \/>\n                                Wenn du etwas googelst, bekommst du neben den normalen Ergebnissen auch eine Box mit aktuellen News angezeigt. Wenn du Transfermarkt als bevorzugte Quelle hinterlegst, tauchen unsere Inhalte dort h\u00e4ufiger f\u00fcr dich auf.<br \/>\n                                <a href=\"https:\/\/www.google.com\/preferences\/source?q=transfermarkt.ch\" target=\"_blank\" rel=\"noopener noreferrer nofollow\" onclick=\"tmEvent(&#039;news&#039;,&#039;click&#039;,&#039;google-preferences&#039;);&#010;\"><br \/>\n                                    F\u00fcge Transfermarkt hier als bevorzugte Quelle hinzu.                                <\/a>\n                            <\/p>\n","protected":false},"excerpt":{"rendered":"Nach Karriereende als Profi\u00a0 \u00a9IMAGO Nach seinem Karriereende als Profi kickt Niklas S\u00fcle in der Kreisliga weiter. Wie&hellip;\n","protected":false},"author":2,"featured_media":257608,"comment_status":"","ping_status":"","sticky":false,"template":"","format":"standard","meta":{"footnotes":"","_share_on_mastodon":"0"},"categories":[18],"tags":[46,42,70561,44,109,108,70560],"class_list":["post-257607","post","type-post","status-publish","format-standard","has-post-thumbnail","category-sport","tag-at","tag-austria","tag-niklas-suele","tag-oesterreich","tag-sport","tag-sports","tag-sv-tiefenbach"],"share_on_mastodon":{"url":"https:\/\/pubeurope.com\/@at\/116870036200282278","error":""},"_links":{"self":[{"href":"https:\/\/www.europesays.com\/at\/wp-json\/wp\/v2\/posts\/257607","targetHints":{"allow":["GET"]}}],"collection":[{"href":"https:\/\/www.europesays.com\/at\/wp-json\/wp\/v2\/posts"}],"about":[{"href":"https:\/\/www.europesays.com\/at\/wp-json\/wp\/v2\/types\/post"}],"author":[{"embeddable":true,"href":"https:\/\/www.europesays.com\/at\/wp-json\/wp\/v2\/users\/2"}],"replies":[{"embeddable":true,"href":"https:\/\/www.europesays.com\/at\/wp-json\/wp\/v2\/comments?post=257607"}],"version-history":[{"count":0,"href":"https:\/\/www.europesays.com\/at\/wp-json\/wp\/v2\/posts\/257607\/revisions"}],"wp:featuredmedia":[{"embeddable":true,"href":"https:\/\/www.europesays.com\/at\/wp-json\/wp\/v2\/media\/257608"}],"wp:attachment":[{"href":"https:\/\/www.europesays.com\/at\/wp-json\/wp\/v2\/media?parent=257607"}],"wp:term":[{"taxonomy":"category","embeddable":true,"href":"https:\/\/www.europesays.com\/at\/wp-json\/wp\/v2\/categories?post=257607"},{"taxonomy":"post_tag","embeddable":true,"href":"https:\/\/www.europesays.com\/at\/wp-json\/wp\/v2\/tags?post=257607"}],"curies":[{"name":"wp","href":"https:\/\/api.w.org\/{rel}","templated":true}]}}