{"id":259002,"date":"2026-07-06T16:55:10","date_gmt":"2026-07-06T16:55:10","guid":{"rendered":"https:\/\/www.europesays.com\/at\/259002\/"},"modified":"2026-07-06T16:55:10","modified_gmt":"2026-07-06T16:55:10","slug":"noch-mehr-moeglich-u19-frauen-wollen-ins-em-finale","status":"publish","type":"post","link":"https:\/\/www.europesays.com\/at\/259002\/","title":{"rendered":"&#8222;Noch mehr m\u00f6glich&#8220;: U19-Frauen wollen ins EM-Finale"},"content":{"rendered":"<p>Historisch ist das am Dienstag (ab 20:00 Uhr, live auf ORF Sport +) steigende EM-Halbfinale f\u00fcr \u00d6sterreichs U19-Fu\u00dfballerinnen schon jetzt.<\/p>\n<p>Doch die \u00d6FB-Equipe ist gegen Deutschland hei\u00df auf mehr. Die Vorrunden-Leistungen geben Anlass zur Hoffnung, selbst Frauen-Teamchef <a href=\"https:\/\/www.laola1.at\/de\/daten\/news\/lars-soendergaard\/\" class=\"tag\" rel=\"nofollow noopener\" target=\"_blank\">Lars S\u00f6ndergaard<\/a> glaubt an den Einzug ins Finale, in dem am Freitag entweder Spanien oder Schweden wartet.<\/p>\n<p>&#8222;Es ist noch mehr m\u00f6glich&#8220;, sagte der D\u00e4ne, der im Grbavica-Stadion von Sarajevo die Daumen dr\u00fccken wird.<\/p>\n<p>&#8222;Haben schon viele \u00fcberrascht&#8220;<\/p>\n<p>3:0 gegen Island, 3:1 gegen die Schweiz und zum Abschluss eine knappe 1:2-Niederlage gegen Spanien: Die \u00d6FB-Auswahl zeigte bei ihrer dritten EM-Teilnahme in <a href=\"https:\/\/www.laola1.at\/de\/daten\/news\/bosnien-herzegowina\/\" class=\"tag\" rel=\"nofollow noopener\" target=\"_blank\">Bosnien-Herzegowina<\/a> bisher ordentlich auf und muss sich vor dem sechsfachen Europameister nicht f\u00fcrchten.<\/p>\n<p>&#8222;Einen Finaleinzug hat es im Frauen-Nachwuchs noch nie gegeben. Das w\u00e4re eine historische und zugleich sehr coole Sache&#8220;, betonte Coach Markus Hackl, der mit Mittelfeldspielerin Sara Grabovac (Knie) allerdings einen &#8222;schmerzlichen&#8220; Ausfall verkraften muss.<\/p>\n<p>F\u00fcr viele \u00d6FB-Spielerinnen kommt es zu einer Art Wiedersehen. Im entscheidenden, letzten Qualifikationsspiel f\u00fcr die U17-EM 2025 im M\u00e4rz des Vorjahres sicherte sich die heimische U17 mit einem 0:0 gegen Deutschland das EM-Ticket f\u00fcr die Endrunde auf den F\u00e4r\u00f6ern.<\/p>\n<p>Kapit\u00e4nin Valentina Illinger will die Chance jedenfalls am Kopf packen. &#8222;Wir haben bisher schon viele \u00fcberrascht&#8220;, sagte die Salzburgerin. &#8222;Ich bin davon \u00fcberzeugt, dass es noch weiter gehen kann.&#8220;<\/p>\n","protected":false},"excerpt":{"rendered":"Historisch ist das am Dienstag (ab 20:00 Uhr, live auf ORF Sport +) steigende EM-Halbfinale f\u00fcr \u00d6sterreichs U19-Fu\u00dfballerinnen&hellip;\n","protected":false},"author":2,"featured_media":259003,"comment_status":"","ping_status":"","sticky":false,"template":"","format":"standard","meta":{"footnotes":"","_share_on_mastodon":"0"},"categories":[8],"tags":[12239,964,46623,67641,40,41,10390,12240,7516,29824,67642,39,38],"class_list":["post-259002","post","type-post","status-publish","format-standard","has-post-thumbnail","category-nachrichten","tag-frauen-fussball","tag-fussball","tag-lars-soendergaard","tag-markus-hackl","tag-nachrichten","tag-news","tag-oefb","tag-oefb-frauen-team","tag-oefb-team","tag-oefb-u19","tag-oefb-u19-damen","tag-schlagzeilen","tag-top-meldungen"],"share_on_mastodon":{"url":"https:\/\/pubeurope.com\/@at\/116874085831494891","error":""},"_links":{"self":[{"href":"https:\/\/www.europesays.com\/at\/wp-json\/wp\/v2\/posts\/259002","targetHints":{"allow":["GET"]}}],"collection":[{"href":"https:\/\/www.europesays.com\/at\/wp-json\/wp\/v2\/posts"}],"about":[{"href":"https:\/\/www.europesays.com\/at\/wp-json\/wp\/v2\/types\/post"}],"author":[{"embeddable":true,"href":"https:\/\/www.europesays.com\/at\/wp-json\/wp\/v2\/users\/2"}],"replies":[{"embeddable":true,"href":"https:\/\/www.europesays.com\/at\/wp-json\/wp\/v2\/comments?post=259002"}],"version-history":[{"count":0,"href":"https:\/\/www.europesays.com\/at\/wp-json\/wp\/v2\/posts\/259002\/revisions"}],"wp:featuredmedia":[{"embeddable":true,"href":"https:\/\/www.europesays.com\/at\/wp-json\/wp\/v2\/media\/259003"}],"wp:attachment":[{"href":"https:\/\/www.europesays.com\/at\/wp-json\/wp\/v2\/media?parent=259002"}],"wp:term":[{"taxonomy":"category","embeddable":true,"href":"https:\/\/www.europesays.com\/at\/wp-json\/wp\/v2\/categories?post=259002"},{"taxonomy":"post_tag","embeddable":true,"href":"https:\/\/www.europesays.com\/at\/wp-json\/wp\/v2\/tags?post=259002"}],"curies":[{"name":"wp","href":"https:\/\/api.w.org\/{rel}","templated":true}]}}