{"id":259483,"date":"2026-07-06T22:20:20","date_gmt":"2026-07-06T22:20:20","guid":{"rendered":"https:\/\/www.europesays.com\/at\/259483\/"},"modified":"2026-07-06T22:20:20","modified_gmt":"2026-07-06T22:20:20","slug":"steyrer-leichtathleten-ueberzeugen-in-salzburg","status":"publish","type":"post","link":"https:\/\/www.europesays.com\/at\/259483\/","title":{"rendered":"Steyrer Leichtathleten \u00fcberzeugen in Salzburg"},"content":{"rendered":"<p> STEYR. Bei den \u00d6sterreichischen U18- und U23-Meisterschaften in Rif gab es einmal Gold und dreimal Silber f\u00fcr den LAC BMD Amateure Steyr. <\/p>\n<p>F\u00fcr das sportliche Highlight sorgte Stabhochspringerin Lisa Gruber (21), die sich bei schwierigen Windverh\u00e4ltnissen mit der Saisonbestleistung von 4,15 Metern Gold im U23-Bewerb sicherte. \u201eDer Wettkampf war ganz gut, trotz des Seitenwinds. Langsam wird es wieder. Ich bin mit der Steigerung zufrieden und freue mich auf die n\u00e4chsten Wettk\u00e4mpfe\u201c, sagt Gruber.<\/p>\n<p>Zweimal Silber f\u00fcr Flora Heiml<\/p>\n<p>Im 800-Meter-Lauf der weiblichen U23 \u00fcbernahm Viona Knoll von Beginn an mutig die F\u00fchrungsarbeit. Als rund 300 Meter vor dem Ziel das Tempo deutlich versch\u00e4rft wurde, reagierte die Steyrer Teamkollegin Flora Heiml sofort und hielt den Anschluss an die Spitze. <\/p>\n<p>Auf der Zielgeraden spielte Heiml ihre starke Schlussphase aus, \u00fcberholte noch zwei Konkurrentinnen und lief zur Silbermedaille. Knoll erreichte nach ihrem couragierten Rennen den f\u00fcnften Platz.<\/p>\n<p>Ein \u00e4hnlicher Rennverlauf zeigte sich auch \u00fcber 1.500 Meter. Nach einer ruhigen Anfangsphase positionierte sich Heiml von Beginn an in aussichtsreicher Lauerstellung. Erneut bewies sie ihr starkes Finish und sicherte sich mit einem beherzten Schlussspurt die zweite Silbermedaille des Wochenendes.<\/p>\n<p>Bei den M\u00e4nnern der U23 verliefen die Rennen ebenfalls sehr taktisch. Christian Fehringer hielt sich \u00fcber 800 Meter zun\u00e4chst bewusst im Feld zur\u00fcck und arbeitete sich mit einem starken Endspurt noch auf den sechsten Platz vor. Im unruhigen und von Tempowechseln gepr\u00e4gten 1.500-Meter-Lauf belegte er Rang sieben.<\/p>\n<p>Huemer auf Rang zwei \u00a0<\/p>\n<p>Im 3.000-Meter-Lauf der m\u00e4nnlichen U18 zeigten Florian Huemer und Leo Gr\u00f6bner-Weizenauer starke Leistungen. Beide hielten sich zun\u00e4chst taktisch im Mittelfeld auf, wobei Huemer gezielt auf eine schnelle Schlussrunde setzte. Als das Rennen in der entscheidenden Phase Fahrt aufnahm, konnte er seine Qualit\u00e4ten ausspielen und lief zur Silbermedaille.<\/p>\n<p>Auch Gr\u00f6bner-Weizenauer profitierte vom taktischen Rennverlauf. Er nutzte das gleichm\u00e4\u00dfige Tempo im Feld optimal, verbesserte seine pers\u00f6nliche Bestleistung auf starke 9:30,71 Minuten und belegte damit den neunten Platz.<\/p>\n<p>\u00dcber 1.500 Meter wurde Huemer Vierter, Gr\u00f6bner-Weizenauer erreichte Rang elf. Der j\u00fcngste Athlet im Steyrer Team, U16-L\u00e4ufer Moritz Mayrhofer, nutzte das starke Teilnehmerfeld und verbesserte seine pers\u00f6nliche Bestleistung um f\u00fcnf Sekunden auf 4:32.35 Minuten.<\/p>\n","protected":false},"excerpt":{"rendered":"STEYR. Bei den \u00d6sterreichischen U18- und U23-Meisterschaften in Rif gab es einmal Gold und dreimal Silber f\u00fcr den&hellip;\n","protected":false},"author":2,"featured_media":259484,"comment_status":"","ping_status":"","sticky":false,"template":"","format":"standard","meta":{"footnotes":"","_share_on_mastodon":"0"},"categories":[31],"tags":[46,42,70991,70990,70989,16056,44,192,70987,70988],"class_list":["post-259483","post","type-post","status-publish","format-standard","has-post-thumbnail","category-salzburg","tag-at","tag-austria","tag-flora-heiml","tag-lac-amateure","tag-lisa-gruber","tag-oem","tag-oesterreich","tag-salzburg","tag-u18","tag-u23"],"share_on_mastodon":{"url":"https:\/\/pubeurope.com\/@at\/116875364051998308","error":""},"_links":{"self":[{"href":"https:\/\/www.europesays.com\/at\/wp-json\/wp\/v2\/posts\/259483","targetHints":{"allow":["GET"]}}],"collection":[{"href":"https:\/\/www.europesays.com\/at\/wp-json\/wp\/v2\/posts"}],"about":[{"href":"https:\/\/www.europesays.com\/at\/wp-json\/wp\/v2\/types\/post"}],"author":[{"embeddable":true,"href":"https:\/\/www.europesays.com\/at\/wp-json\/wp\/v2\/users\/2"}],"replies":[{"embeddable":true,"href":"https:\/\/www.europesays.com\/at\/wp-json\/wp\/v2\/comments?post=259483"}],"version-history":[{"count":0,"href":"https:\/\/www.europesays.com\/at\/wp-json\/wp\/v2\/posts\/259483\/revisions"}],"wp:featuredmedia":[{"embeddable":true,"href":"https:\/\/www.europesays.com\/at\/wp-json\/wp\/v2\/media\/259484"}],"wp:attachment":[{"href":"https:\/\/www.europesays.com\/at\/wp-json\/wp\/v2\/media?parent=259483"}],"wp:term":[{"taxonomy":"category","embeddable":true,"href":"https:\/\/www.europesays.com\/at\/wp-json\/wp\/v2\/categories?post=259483"},{"taxonomy":"post_tag","embeddable":true,"href":"https:\/\/www.europesays.com\/at\/wp-json\/wp\/v2\/tags?post=259483"}],"curies":[{"name":"wp","href":"https:\/\/api.w.org\/{rel}","templated":true}]}}