{"id":259670,"date":"2026-07-07T01:09:11","date_gmt":"2026-07-07T01:09:11","guid":{"rendered":"https:\/\/www.europesays.com\/at\/259670\/"},"modified":"2026-07-07T01:09:11","modified_gmt":"2026-07-07T01:09:11","slug":"6-tote-in-stade-er-sagte-geh-raus-dann-fing-er-an-zu-schiessen-bild","status":"publish","type":"post","link":"https:\/\/www.europesays.com\/at\/259670\/","title":{"rendered":"6 Tote in Stade: Er sagte \u201eGeh raus!\u201c, dann fing er an zu schie\u00dfen &#8211; BILD"},"content":{"rendered":"<p><a href=\"https:\/\/news.google.com\/rss\/articles\/CBMiygFBVV95cUxPclV2Y1g5RzMwOHA0cWluTW5mUDBua2FxQkZOeDhTQUpBamRLZl9jZTdXY2QyMW5IZ3h6eERoV0ZVX1hPc1EtWURTdHlBYW4tNzhiNGtoZExNN2tydzVuY283RzhodW1hLXU5YUotWFpCbkQyVTRMaDBFZHZ1d25NZ0lBUWp5cXFhbHhTbUNGQVRWNEdxaHJoZHdSSGtPQTlmODY3bkFMM3hSRlVyNVhpalYxUVpoTkFta2gzTVY1M2FaUXl4UFd5LUFR?oc=5\" target=\"_blank\" rel=\"nofollow noopener\">6 Tote in Stade: Er sagte \u201eGeh raus!\u201c, dann fing er an zu schie\u00dfen<\/a>&nbsp;&nbsp;BILD<a href=\"https:\/\/news.google.com\/rss\/articles\/CBMitgFBVV95cUxNR2FFbnFjREZQQ3E4RkRlMHFYd0xTLXN5a3pETGFMUHpkUk9VX0R2VkNRWGNGS2YyNm40aEIzSkVPa0s3YUFQcW1ERF9Hb3lzVGJSS1cycFRTeGtvLXNfODJGV1Y3Qk1Zc3JXY1JRNFJNR2VVa09LUGhMeHBGbmtjaWloVFN3bTkyUU1sN2xfajlmc0JaLUZZS2NHLUxLazc5dlF2R3QxUDlRTjNRTEVsMDhhcUg2dw?oc=5\" target=\"_blank\" rel=\"nofollow noopener\">Bluttat in Stade: Warum jetzt auch zwei Frauen im Fokus der Ermittler stehen<\/a>&nbsp;&nbsp;STERN.de<a href=\"https:\/\/news.google.com\/rss\/articles\/CBMilwJBVV95cUxQZlZyNjhjQjQwVUFwV1c0OWFTUXBhdy1kcmpScWtCRk5fRDh3LUtjWkFXdGlUdTZEWW1ta0t5cm1NZDBpZVhTNGZ4RC1WNFRCM200Q2t0NkV4ZG9iRnBqb3JZeVlmYnVnOXdabmJsWnlVZ1Uza1RTS0JkOERQc1dpdm9ybWRzV0VObVp3c2l5cEo3enVYQ3laOW1pd1dlbnlVaVdJM19LMXVXbzJCeFROZGJKNXpWS0RCNUw5b0VCanA0d3hQTHFSSWlNa19NWERiNzFmc0tQNTNrbkh6a0xLOUE4SE11eVJTWXlncHJvb2FMeWpHRnN0VmQyR29HNFN5eGlpRm5qU21uMnNjSzNHX1RnOGRtbE0?oc=5\" target=\"_blank\" rel=\"nofollow noopener\">Sechsfachmord in Stade: Staatsanwaltschaft \u00e4u\u00dfert sich zum Stand der Ermittlungen \u2013 kein Haftbefehl gegen Frauen<\/a>&nbsp;&nbsp;WELT<a href=\"https:\/\/news.google.com\/rss\/articles\/CBMiQkFVX3lxTE4wbFZLVnpsRnU3Q1BmTWFLNVR4T2xZRlZXdnlXSzlqNE9xWUR5U1NzeUN5WGxaZjU1ZUtxOV9fVGVYdw?oc=5\" target=\"_blank\" rel=\"nofollow noopener\">T\u00f6dliche Schie\u00dferei &#8211; Stade-Sch\u00fctze machte zwei Kinder zu Vollwaisen<\/a>&nbsp;&nbsp;Kronen Zeitung<a href=\"https:\/\/news.google.com\/rss\/articles\/CBMi1gFBVV95cUxQN3NFUHBiUnViLURjR3cxQ19yNnpjU2V1Rks1dmlKTHMyWWpBYVVMTGRqbEdMM2lFNUoya1JMLTktSlNjNTlRamlmZnEwSnpDMjNQajdEMUZnM2hCYzhjT0V4XzhQWkRIbTdGdHdtb1EzSkV0aGtoRnZvQ243SGdsVFJTUXBRU1dKdzJ5ejA4OGVEWDBpYXZucEx2aV9hV3Q5RkZsa2tsY3dtVTVOZm5uMlFXOGgza1RiZlFzdUhDODdoU01JTHZiMlFvN1RlcTF6LWhwblZB?oc=5\" target=\"_blank\" rel=\"nofollow noopener\">(+) Blutbad von Stade: Diese Frau wirft viele Fragen auf<\/a>&nbsp;&nbsp;MOPO<\/p>\n","protected":false},"excerpt":{"rendered":"6 Tote in Stade: Er sagte \u201eGeh raus!\u201c, dann fing er an zu schie\u00dfen&nbsp;&nbsp;BILDBluttat in Stade: Warum jetzt&hellip;\n","protected":false},"author":2,"featured_media":259671,"comment_status":"","ping_status":"","sticky":false,"template":"","format":"standard","meta":{"footnotes":"","_share_on_mastodon":"0"},"categories":[8],"tags":[19619,10552,28083,13787,1990,40,41,71026,10069,405,39,71027,59384,50984,21208,63179,521,207,38,3256,66755],"class_list":["post-259670","post","type-post","status-publish","format-standard","has-post-thumbnail","category-nachrichten","tag-amoklauf","tag-deep-news","tag-jugendamt","tag-kindesmisshandlung","tag-mord","tag-nachrichten","tag-news","tag-perrevoort-corinna","tag-pistole","tag-polizei","tag-schlagzeilen","tag-schuetteltrauma","tag-sorgerecht","tag-stade","tag-strafanzeige","tag-team-deep","tag-tochter","tag-tod","tag-top-meldungen","tag-vater","tag-zitzow-marco"],"share_on_mastodon":{"url":"https:\/\/pubeurope.com\/@at\/116876028438714526","error":""},"_links":{"self":[{"href":"https:\/\/www.europesays.com\/at\/wp-json\/wp\/v2\/posts\/259670","targetHints":{"allow":["GET"]}}],"collection":[{"href":"https:\/\/www.europesays.com\/at\/wp-json\/wp\/v2\/posts"}],"about":[{"href":"https:\/\/www.europesays.com\/at\/wp-json\/wp\/v2\/types\/post"}],"author":[{"embeddable":true,"href":"https:\/\/www.europesays.com\/at\/wp-json\/wp\/v2\/users\/2"}],"replies":[{"embeddable":true,"href":"https:\/\/www.europesays.com\/at\/wp-json\/wp\/v2\/comments?post=259670"}],"version-history":[{"count":0,"href":"https:\/\/www.europesays.com\/at\/wp-json\/wp\/v2\/posts\/259670\/revisions"}],"wp:featuredmedia":[{"embeddable":true,"href":"https:\/\/www.europesays.com\/at\/wp-json\/wp\/v2\/media\/259671"}],"wp:attachment":[{"href":"https:\/\/www.europesays.com\/at\/wp-json\/wp\/v2\/media?parent=259670"}],"wp:term":[{"taxonomy":"category","embeddable":true,"href":"https:\/\/www.europesays.com\/at\/wp-json\/wp\/v2\/categories?post=259670"},{"taxonomy":"post_tag","embeddable":true,"href":"https:\/\/www.europesays.com\/at\/wp-json\/wp\/v2\/tags?post=259670"}],"curies":[{"name":"wp","href":"https:\/\/api.w.org\/{rel}","templated":true}]}}