{"id":260637,"date":"2026-07-07T12:53:16","date_gmt":"2026-07-07T12:53:16","guid":{"rendered":"https:\/\/www.europesays.com\/at\/260637\/"},"modified":"2026-07-07T12:53:16","modified_gmt":"2026-07-07T12:53:16","slug":"festival-resuemee-mozart-troestet-wiener-klaenge-in-suedfrankreich","status":"publish","type":"post","link":"https:\/\/www.europesays.com\/at\/260637\/","title":{"rendered":"Festival-Res\u00fcmee &#8211; Mozart tr\u00f6stet: Wiener Kl\u00e4nge in S\u00fcdfrankreich"},"content":{"rendered":"<p>Das grandiose Kraftzentrum sind der tanzende, spielende Ch\u0153ur sowie das Orchestre Pygmalion unter Rapha\u00ebl Pichon. Auch die vier Solisten (M\u00e9lissa Petit, Beth Taylor, Duke Kim, Alex Rosen) f\u00fcgen sich wunderbar in diesen gro\u00dfen Wurf von 2019, 2022 dann beim Koproduktionspartner Wiener Festwochen zu erleben, der nichts an seiner \u00fcberw\u00e4ltigenden Kraft eingeb\u00fc\u00dft hat.<\/p>\n","protected":false},"excerpt":{"rendered":"Das grandiose Kraftzentrum sind der tanzende, spielende Ch\u0153ur sowie das Orchestre Pygmalion unter Rapha\u00ebl Pichon. Auch die vier&hellip;\n","protected":false},"author":2,"featured_media":260638,"comment_status":"","ping_status":"","sticky":false,"template":"","format":"standard","meta":{"footnotes":"","_share_on_mastodon":"0"},"categories":[22],"tags":[71202,44014,71203,46,42,71204,71205,71206,71207,147,71208,71209,10375,71210,71211,53668,44,71212,71213,71214,148,182],"class_list":["post-260637","post","type-post","status-publish","format-standard","has-post-thumbnail","category-unterhaltung","tag-accabadora","tag-aix-en-provence","tag-alex-rosen","tag-at","tag-austria","tag-barrie-koskys","tag-beth-taylor","tag-castellucci","tag-duke-kim","tag-entertainment","tag-francesco-filidei-explizit","tag-frau-ohne-schatten","tag-italienische","tag-klaus-maekelae","tag-marco-stroppa","tag-melissa-petit","tag-oesterreich","tag-pierre-laurent-aimard","tag-raphael-pichon","tag-romeo-castelluccis","tag-unterhaltung","tag-wien"],"share_on_mastodon":{"url":"https:\/\/pubeurope.com\/@at\/116878796984243445","error":""},"_links":{"self":[{"href":"https:\/\/www.europesays.com\/at\/wp-json\/wp\/v2\/posts\/260637","targetHints":{"allow":["GET"]}}],"collection":[{"href":"https:\/\/www.europesays.com\/at\/wp-json\/wp\/v2\/posts"}],"about":[{"href":"https:\/\/www.europesays.com\/at\/wp-json\/wp\/v2\/types\/post"}],"author":[{"embeddable":true,"href":"https:\/\/www.europesays.com\/at\/wp-json\/wp\/v2\/users\/2"}],"replies":[{"embeddable":true,"href":"https:\/\/www.europesays.com\/at\/wp-json\/wp\/v2\/comments?post=260637"}],"version-history":[{"count":0,"href":"https:\/\/www.europesays.com\/at\/wp-json\/wp\/v2\/posts\/260637\/revisions"}],"wp:featuredmedia":[{"embeddable":true,"href":"https:\/\/www.europesays.com\/at\/wp-json\/wp\/v2\/media\/260638"}],"wp:attachment":[{"href":"https:\/\/www.europesays.com\/at\/wp-json\/wp\/v2\/media?parent=260637"}],"wp:term":[{"taxonomy":"category","embeddable":true,"href":"https:\/\/www.europesays.com\/at\/wp-json\/wp\/v2\/categories?post=260637"},{"taxonomy":"post_tag","embeddable":true,"href":"https:\/\/www.europesays.com\/at\/wp-json\/wp\/v2\/tags?post=260637"}],"curies":[{"name":"wp","href":"https:\/\/api.w.org\/{rel}","templated":true}]}}