{"id":260848,"date":"2026-07-07T15:06:13","date_gmt":"2026-07-07T15:06:13","guid":{"rendered":"https:\/\/www.europesays.com\/at\/260848\/"},"modified":"2026-07-07T15:06:13","modified_gmt":"2026-07-07T15:06:13","slug":"virginia-woolfs-night-and-day-im-kino-elyas-mbarek-kann-auch-kostuemfilm","status":"publish","type":"post","link":"https:\/\/www.europesays.com\/at\/260848\/","title":{"rendered":"\u201eVirginia Woolf\u2019s Night and Day\u201c im Kino: Elyas M\u2019Barek kann auch Kost\u00fcmfilm"},"content":{"rendered":"<p class=\"tspA1jc tspA1jd\">Dass <a href=\"https:\/\/www.tagesspiegel.de\/gesellschaft\/musik-und-film-elyas-mbarek-hat-unglaublichen-spass-an-produzentenrolle-14669609.html?icid=in-text-link_15783110\" class=\"link link--internal\" data-gtm-class=\"article-text-link\" data-gtm-val=\"internal\" rel=\"nofollow noopener\" target=\"_blank\">Elyas M\u2019Barek<\/a> j\u00fcngst von einem dreij\u00e4hrigen Aufenthalt in New York zur\u00fcck ins heimische Minga (Hochdeutsch: M\u00fcnchen) zur\u00fcckgekehrt ist, vermeldete der Schauspieler und Produzent j\u00fcngst auf Social Media.<\/p>\n<p class=\"tspA1jc\">Nun zeigt er erstmals auch im englischsprachigen Kino internationale Ambitionen: in der britisch-deutschen Koproduktion \u201eVirginia Woolf\u2019s Night and Day\u201c, Tina Gharavis Verfilmung einer weniger bekannten Gesellschaftssatire der<a href=\"https:\/\/www.tagesspiegel.de\/kultur\/premiere-an-der-komischen-oper-in-orlando-werden-worter-zu-schmetterlingen-15604789.html?icid=in-text-link_15783110\" class=\"link link--internal\" data-gtm-class=\"article-text-link\" data-gtm-val=\"internal\" rel=\"nofollow noopener\" target=\"_blank\"> feministischen Ikone Virginia Woolf<\/a>, die 1919 erschien.<\/p>\n<p> M\u2019Barek gibt den romantischen Liebhaber <\/p>\n<p class=\"tspA1jc\">So langsam w\u00e4chst M\u2019Barek mit seinen 44 Jahren nun aber wirklich aus der Rolle des romantischen Liebhabers heraus. Aber einer geht noch, und zwar im f\u00fcr ihn ungewohnten Historienkost\u00fcm. Seine Figur Ralph Denham, ein Autor und Redakteur, ist ein Aufsteiger aus der Arbeiterklasse.<\/p>\n<p class=\"tspA1jc\">Und als die aus besseren Kreisen stammende Hauptfigur Katharine Hilbery seiner im London des Jahres 1910 auf einer n\u00e4chtlichen Dachterrasse erstmals ansichtig wird, kann sie gleich an seinem kecken roten Halstuch erkennen, dass dieser Mann Paprika im Blut hat.<\/p>\n<p><img decoding=\"async\" src=\"https:\/\/www.europesays.com\/at\/wp-content\/uploads\/2026\/07\/01-virginiawoolfsnightandday-c-woolfcomedyproductionsltd-1.jpeg\"   alt=\"Stills des Kinofilms &quot;Virginia Woolf's Night and Day&quot;\" aria-labelledby=\"caption-15783142\" width=\"440\" height=\"330\" loading=\"lazy\" class=\"tspA3jg\"\/> So sehen Forscherinnen aus. Katharine Hilbery (Haley Bennett) pr\u00fcft mathematisch-astronomische Theorien. <\/p>\n<p class=\"tspAHgz\"> \u00a9 PR\/WoolfComedyProductionsLtd <\/p>\n<p class=\"tspA1jc\">\u00dcberraschenderweise erweist sich dann aber die Romanze zwischen Katherine und Ralph als subtilster Erz\u00e4hlstrang von \u201eNight and Day\u201c. Und wie sich das f\u00fcr eine verkappte Suffragette wie Katherine Hilbery ziemt, l\u00e4sst sie sich nur von Ralph-Denham-S\u00e4tzen wie diesen k\u00f6dern: \u201eIst es so abwegig f\u00fcr Sie, sich vorzustellen, dass ein Mann den Erfolg einer Frau unterst\u00fctzen will?\u201c<\/p>\n<p class=\"tspATiq\">Empfohlener redaktioneller Inhalt<\/p>\n<p> An dieser Stelle finden Sie einen von unseren Redakteuren ausgew\u00e4hlten, externen Inhalt, der den Artikel f\u00fcr Sie mit zus\u00e4tzlichen Informationen anreichert. Sie k\u00f6nnen sich hier den externen Inhalt mit einem Klick anzeigen lassen oder wieder ausblenden. <\/p>\n<p> Externen Inhalt anzeigen <\/p>\n<p class=\"tspATiw\"> Ich bin damit einverstanden, dass mir der externe Inhalt angezeigt wird. Damit k\u00f6nnen personenbezogene Daten an Drittplattformen \u00fcbermittelt werden.  Mehr Informationen dazu erhalten Sie in den Datenschutz-Einstellungen. Diese finden Sie ganz unten auf unserer Seite im Footer, sodass Sie Ihre Einstellungen jederzeit verwalten oder widerrufen k\u00f6nnen. <\/p>\n<p class=\"tspA1jc\">Nur zu verst\u00e4ndlich, dass es Katharine Hilbery in ihrer von gesellschaftlichen Konventionen und patriarchaler Repression gepr\u00e4gten Familie schwerf\u00e4llt, diese Beteuerung nicht nur f\u00fcr ein Lippenbekenntnis zu halten. Mit ganzem Herzen und mit ganzem Verstand dr\u00e4ngt es sie zu einer Karriere als Wissenschaftlerin. Doch nicht mal die Astronomische Gesellschaft, die sie als Mann verkleidet gemeinsam mit ihrem Cousin Cyril (Misia Butler) besucht, l\u00e4sst \u00fcberhaupt Frauen zu.<\/p>\n<p>Der Film<\/p>\n<p class=\"tspA1jc\">Virginia Woolf\u2019s Night and Day, Gro\u00dfbritannien\/Deutschland 2025, 95 Minuten. Regie: Tina Gharavi, Drehbuch: Justine Waddell nach dem Roman von Virginia Woolf. Mit Haley Bennett, Elyas M\u2019Barek, Lily Allen, Timothy Spall. Kinostart: 9. Juli<\/p>\n<p class=\"tspA1jc\">Ihr Vater, den Timothy Spall mit angemessen knurriger Miene spielt, lehnt Katharines astronomische Ambitionen rundheraus ab. \u201eDu wirst Ehefrau\u201c, befiehlt der Schriftsteller seiner Tochter, \u201ekein Mann will eine Frau heiraten, die arbeitet\u201c.<\/p>\n<p><img decoding=\"async\" src=\"https:\/\/www.europesays.com\/at\/wp-content\/uploads\/2026\/07\/09-virginiawoolfsnightandday-c-woolfcomedyproductionsltd.jpeg\"   alt=\"Virginia Woolf's Night and Day\" aria-labelledby=\"caption-15783167\" width=\"440\" height=\"330\" loading=\"lazy\" class=\"tspA3jg\"\/> Der Lektor und der Schriftsteller. Ralph Denham (Elyas M\u2019Barek) im Studierzimmer von Katharines Vater (Timothy Spall). <\/p>\n<p class=\"tspAHgz\"> \u00a9 PR\/WoolfComedyProductionsLtd <\/p>\n<p class=\"tspA1jc\">Katharines Mutter setzt dagegen ihre Ambitionen, ebenfalls B\u00fccher schreiben zu wollen, um. Sie erarbeitet eine ellenlange Biografie des Dichter-Gro\u00dfvaters der Hilberys, aus der \u2013 Kom\u00f6dienmacht des Zufalls \u2013 ausgerechnet Ralph Denham ein druckbares Manuskript machen soll.<\/p>\n<p> Popstar Lily Allen spielt eine Suffragette <\/p>\n<p class=\"tspA1jc\">Blo\u00df gut, dass Katharine die forsche Frauenrechtlerin Mary Datchet (<a href=\"https:\/\/www.tagesspiegel.de\/kultur\/rauchen-ist-wieder-cool-wie-konnte-das-passieren-14045858.html?icid=in-text-link_15783110\" class=\"link link--internal\" data-gtm-class=\"article-text-link\" data-gtm-val=\"internal\" rel=\"nofollow noopener\" target=\"_blank\">Popstar Lily Allen<\/a>) kennenlernt, die ihr in ihrem Suffragetten-Hauptquartier, das seltsamerweise in einer vom Stampfen und Dr\u00f6hnen riesenhafter Maschinen erf\u00fcllten Fabrik liegt, Asyl f\u00fcr ihre mathematischen Forschungen gew\u00e4hrt.<\/p>\n<p class=\"tspA1jc\">Eine Frau, die Sterne und Kometen beobachtet und danach genialische Zahlenkolonnen auf Tafeln kritzelt, w\u00e4hrend neben ihr mechanische Schwengel auf- und niedersausen \u2013 das ist zugleich ein attraktives wie kurioses Filmsujet.<\/p>\n<p><img decoding=\"async\" src=\"https:\/\/www.europesays.com\/at\/wp-content\/uploads\/2026\/07\/04-virginiawoolfsnightandday-c-woolfcomedyproductionsltd.jpeg\"   alt=\"Stills des Kinofilms &quot;Virginia Woolf's Night and Day&quot;\" aria-labelledby=\"caption-15783182\" width=\"440\" height=\"330\" loading=\"lazy\" class=\"tspA3jg\"\/> Vereinte K\u00e4mpferin f\u00fcr Emanzipation. Mary Datchet (Lily Allen) und Katharine Hilbery (Haley Bennett). <\/p>\n<p class=\"tspAHgz\"> \u00a9 PR\/WoolfComedyProductionsLtd <\/p>\n<p class=\"tspA1jc\">Regisseurin Tina Gharavi und ihr \u201eweiblich gef\u00fchrtes Team\u201c, wie es in den Presseinfos hei\u00dft, wollen ganz offensichtlich den Historienfilm- und den Emanzipationsappeal gleichzeitig melken. Sie haben dabei weder Angst vor den Klischees des edwardianischen Englands, in dem raschelnde Kost\u00fcme, pr\u00e4chtige Landsitze und dreckige Industrialisierung als Kulisse fungieren, noch vor dem Geballer eines \u00fcberproduzierten, mitunter modernen Soundtracks.<\/p>\n<p class=\"tspA1jc\">Verglichen mit Emerald Fennells poppiger Neuverfilmung von \u201eWuthering Heights\u201c aus diesem Jahr, kommt \u201eVirginia Woolfs Night and Day\u201c aber viel konventionell-historischer daher. Das hat eine Unwucht in der Tonalit\u00e4t zur Folge, die weder Haley Bennetts Dringlichkeitsfuror noch Elyas M\u2019Bareks Charme \u00fcberspielen kann.<\/p>\n<p><img decoding=\"async\" src=\"https:\/\/www.europesays.com\/at\/wp-content\/uploads\/2026\/07\/06-virginiawoolfsnightandday-c-woolfcomedyproductionsltd-1.jpeg\"   alt=\"Stills des Kinofilms &quot;Virginia Woolf's Night and Day&quot;\" aria-labelledby=\"caption-15783186\" width=\"440\" height=\"330\" loading=\"lazy\" class=\"tspA3jg\"\/> Himmelsbeobachterin. Katharine Hilbery (Haley Bennett) will nach Cambridge, um Astrophysik zu studieren. <\/p>\n<p class=\"tspAHgz\"> \u00a9 PR\/WoolfComedyProductionsLtd <\/p>\n<p class=\"tspA1jc\">Trotz des inszenatorischen Kitschalarms bewegen Katharines feurige Monologe, mit denen sie den misogynen Physik-Professoren der Universit\u00e4t Cambridge genauso einheizt wie ihrem bockigen Vater. Dass Frauen vor dem Ersten Weltkrieg hart um Anerkennung in den Naturwissenschaften ringen mussten, ist eine historische Wahrheit, die nach dem Zweiten Weltkrieg immer noch galt.<\/p>\n<p>Mehr zum Thema Film und Serien lesen Sie hier<a href=\"https:\/\/www.tagesspiegel.de\/kultur\/feuertaufe-an-der-offenen-flamme-was-am-ende-von-the-bear-bleibt-15772819.html?icid=topic-list_15783110___\" data-gtm-class=\"article-mzt-link\" data-hydrate-fingerprint=\"09740a54944caac75fd2c0c63fd5c5df\" data-hydrate-props=\"{&amp;escapedquot;element&amp;escapedquot;:{&amp;escapedquot;type&amp;escapedquot;:&amp;escapedquot;relatedContent&amp;escapedquot;,&amp;escapedquot;fieldMap&amp;escapedquot;:{},&amp;escapedquot;relation&amp;escapedquot;:{&amp;escapedquot;fields&amp;escapedquot;:{&amp;escapedquot;isPaid&amp;escapedquot;:false},&amp;escapedquot;href&amp;escapedquot;:&amp;escapedquot;\/kultur\/feuertaufe-an-der-offenen-flamme-was-am-ende-von-the-bear-bleibt-15772819.html&amp;escapedquot;,&amp;escapedquot;teaserTitle&amp;escapedquot;:{&amp;escapedquot;kicker&amp;escapedquot;:&amp;escapedquot;Feuertaufe an der offenen Flamme&amp;escapedquot;,&amp;escapedquot;headline&amp;escapedquot;:&amp;escapedquot;Was am Ende von \u201eThe Bear\u201c bleibt&amp;escapedquot;},&amp;escapedquot;id&amp;escapedquot;:&amp;escapedquot;15772819&amp;escapedquot;,&amp;escapedquot;type&amp;escapedquot;:&amp;escapedquot;story&amp;escapedquot;},&amp;escapedquot;isPartOfList&amp;escapedquot;:true,&amp;escapedquot;topicListType&amp;escapedquot;:&amp;escapedquot;topic-list&amp;escapedquot;},&amp;escapedquot;showArrow&amp;escapedquot;:true}\" data-hydrate-slots=\"{&#039;default&#039;:[]}\" class=\"tspDBrt tspDEr6\" rel=\"nofollow noopener\" target=\"_blank\">Feuertaufe an der offenen Flamme Was am Ende von \u201eThe Bear\u201c bleibt <\/a><a href=\"https:\/\/www.tagesspiegel.de\/kultur\/in-der-hitze-der-stadt-diese-acht-filme-fangen-den-berliner-sommer-ein-15756470.html?icid=topic-list_15783110___\" data-gtm-class=\"article-mzt-link\" data-hydrate-fingerprint=\"09740a54944caac75fd2c0c63fd5c5df\" data-hydrate-props=\"{&amp;escapedquot;element&amp;escapedquot;:{&amp;escapedquot;type&amp;escapedquot;:&amp;escapedquot;relatedContent&amp;escapedquot;,&amp;escapedquot;fieldMap&amp;escapedquot;:{},&amp;escapedquot;relation&amp;escapedquot;:{&amp;escapedquot;fields&amp;escapedquot;:{&amp;escapedquot;isPaid&amp;escapedquot;:true},&amp;escapedquot;href&amp;escapedquot;:&amp;escapedquot;\/kultur\/in-der-hitze-der-stadt-diese-acht-filme-fangen-den-berliner-sommer-ein-15756470.html&amp;escapedquot;,&amp;escapedquot;teaserTitle&amp;escapedquot;:{&amp;escapedquot;kicker&amp;escapedquot;:&amp;escapedquot;In der Hitze der Stadt&amp;escapedquot;,&amp;escapedquot;headline&amp;escapedquot;:&amp;escapedquot;Diese acht Filme fangen den Berliner Sommer ein&amp;escapedquot;},&amp;escapedquot;id&amp;escapedquot;:&amp;escapedquot;15756470&amp;escapedquot;,&amp;escapedquot;type&amp;escapedquot;:&amp;escapedquot;story&amp;escapedquot;},&amp;escapedquot;isPartOfList&amp;escapedquot;:true,&amp;escapedquot;topicListType&amp;escapedquot;:&amp;escapedquot;topic-list&amp;escapedquot;},&amp;escapedquot;showArrow&amp;escapedquot;:true}\" data-hydrate-slots=\"{&#039;default&#039;:[]}\" class=\"tspDBrt tspDEr6\" rel=\"nofollow noopener\" target=\"_blank\">In der Hitze der Stadt Diese acht Filme fangen den Berliner Sommer ein <\/a><a href=\"https:\/\/www.tagesspiegel.de\/kultur\/kinodebut-von-supergirl-ganz-schon-auf-den-hund-gekommen-15751284.html?icid=topic-list_15783110___\" data-gtm-class=\"article-mzt-link\" data-hydrate-fingerprint=\"09740a54944caac75fd2c0c63fd5c5df\" data-hydrate-props=\"{&amp;escapedquot;element&amp;escapedquot;:{&amp;escapedquot;type&amp;escapedquot;:&amp;escapedquot;relatedContent&amp;escapedquot;,&amp;escapedquot;fieldMap&amp;escapedquot;:{},&amp;escapedquot;relation&amp;escapedquot;:{&amp;escapedquot;fields&amp;escapedquot;:{&amp;escapedquot;isPaid&amp;escapedquot;:true},&amp;escapedquot;href&amp;escapedquot;:&amp;escapedquot;\/kultur\/kinodebut-von-supergirl-ganz-schon-auf-den-hund-gekommen-15751284.html&amp;escapedquot;,&amp;escapedquot;teaserTitle&amp;escapedquot;:{&amp;escapedquot;kicker&amp;escapedquot;:&amp;escapedquot;Kinodeb\u00fct von \u201eSupergirl\u201c&amp;escapedquot;,&amp;escapedquot;headline&amp;escapedquot;:&amp;escapedquot;Ganz sch\u00f6n auf den Hund gekommen&amp;escapedquot;},&amp;escapedquot;id&amp;escapedquot;:&amp;escapedquot;15751284&amp;escapedquot;,&amp;escapedquot;type&amp;escapedquot;:&amp;escapedquot;story&amp;escapedquot;},&amp;escapedquot;isPartOfList&amp;escapedquot;:true,&amp;escapedquot;topicListType&amp;escapedquot;:&amp;escapedquot;topic-list&amp;escapedquot;},&amp;escapedquot;showArrow&amp;escapedquot;:true}\" data-hydrate-slots=\"{&#039;default&#039;:[]}\" class=\"tspDBrt tspDEr6\" rel=\"nofollow noopener\" target=\"_blank\">Kinodeb\u00fct von \u201eSupergirl\u201c Ganz sch\u00f6n auf den Hund gekommen <\/a><\/p>\n<p class=\"tspA1jc\">Die Mechanik romantischer Kom\u00f6dien, die nach Irrungen und Wirrungen zwischen den Figuren, die in diesem Fall auch Katharines Verlobten William und ihre Cousine Cassandra einschlie\u00dfen, verl\u00e4sslich ein Happy End vorsieht, funktioniert zum Gl\u00fcck auch bei angehenden Astronominnen.<\/p>\n","protected":false},"excerpt":{"rendered":"Dass Elyas M\u2019Barek j\u00fcngst von einem dreij\u00e4hrigen Aufenthalt in New York zur\u00fcck ins heimische Minga (Hochdeutsch: M\u00fcnchen) zur\u00fcckgekehrt&hellip;\n","protected":false},"author":2,"featured_media":260849,"comment_status":"","ping_status":"","sticky":false,"template":"","format":"standard","meta":{"footnotes":"","_share_on_mastodon":"0"},"categories":[23],"tags":[46,42,151,147,2399,152,150,44,148,71245,9203],"class_list":["post-260848","post","type-post","status-publish","format-standard","has-post-thumbnail","category-kino","tag-at","tag-austria","tag-cinema","tag-entertainment","tag-hochschulen","tag-kino","tag-movie","tag-oesterreich","tag-unterhaltung","tag-virginia-woolf","tag-zweiter-weltkrieg-und-kriegsende"],"share_on_mastodon":{"url":"https:\/\/pubeurope.com\/@at\/116879320180211615","error":""},"_links":{"self":[{"href":"https:\/\/www.europesays.com\/at\/wp-json\/wp\/v2\/posts\/260848","targetHints":{"allow":["GET"]}}],"collection":[{"href":"https:\/\/www.europesays.com\/at\/wp-json\/wp\/v2\/posts"}],"about":[{"href":"https:\/\/www.europesays.com\/at\/wp-json\/wp\/v2\/types\/post"}],"author":[{"embeddable":true,"href":"https:\/\/www.europesays.com\/at\/wp-json\/wp\/v2\/users\/2"}],"replies":[{"embeddable":true,"href":"https:\/\/www.europesays.com\/at\/wp-json\/wp\/v2\/comments?post=260848"}],"version-history":[{"count":0,"href":"https:\/\/www.europesays.com\/at\/wp-json\/wp\/v2\/posts\/260848\/revisions"}],"wp:featuredmedia":[{"embeddable":true,"href":"https:\/\/www.europesays.com\/at\/wp-json\/wp\/v2\/media\/260849"}],"wp:attachment":[{"href":"https:\/\/www.europesays.com\/at\/wp-json\/wp\/v2\/media?parent=260848"}],"wp:term":[{"taxonomy":"category","embeddable":true,"href":"https:\/\/www.europesays.com\/at\/wp-json\/wp\/v2\/categories?post=260848"},{"taxonomy":"post_tag","embeddable":true,"href":"https:\/\/www.europesays.com\/at\/wp-json\/wp\/v2\/tags?post=260848"}],"curies":[{"name":"wp","href":"https:\/\/api.w.org\/{rel}","templated":true}]}}