{"id":261415,"date":"2026-07-07T21:16:21","date_gmt":"2026-07-07T21:16:21","guid":{"rendered":"https:\/\/www.europesays.com\/at\/261415\/"},"modified":"2026-07-07T21:16:21","modified_gmt":"2026-07-07T21:16:21","slug":"motorradfahrer-17-bei-unfall-in-hellmonsoedt-ums-leben-gekommen","status":"publish","type":"post","link":"https:\/\/www.europesays.com\/at\/261415\/","title":{"rendered":"Motorradfahrer (17) bei Unfall in Hellmons\u00f6dt ums Leben gekommen"},"content":{"rendered":"<p> HELLMONS\u00d6DT. Am Montag ereignete sich ein t\u00f6dlicher Verkehrsunfall im Gemeindegebiet von Hellmons\u00f6dt. <\/p>\n<p>Gegen 14.20 Uhr lenkte eine 40-J\u00e4hrige aus dem Bezirk Urfahr-Umgebung ihr Auto auf der L1501 von Altenberg kommend in Richtung Baumgarten. Zur gleichen Zeit fuhr ein 17-j\u00e4hriger Motorrad-Lenker aus dem Bezirk Urfahr-Umgebung\u00a0in die Gegenrichtung.<\/p>\n<p>Nach derzeitigem Ermittlungsstand kam der 17-J\u00e4hrige am Anfang der Rechtskurve mit seinem Fahrzeug zu Sturz und schlitterte in der Kurve in den entgegenkommenden Pkw der 40-j\u00e4hrigen Lenkerin.<\/p>\n<p>Anrainer starteten Wiederbelebung<\/p>\n<p>Beim Eintreffen der Polizei wurden bereits Erste-Hilfe bzw. Reanimationsma\u00dfnahmen durch die Bewohner des angrenzenden Bauernhofes durchgef\u00fchrt, welche vom rasch eintreffenden Notarztteam sowie Rettungshubschrauber C10 fortgef\u00fchrt wurden.<\/p>\n<p>Auf Grund der schweren Verletzungen verstarb der 17-J\u00e4hrige noch an der Unfallstelle. Im Fahrzeug der 40-j\u00e4hrigen Autofahrerin sa\u00dfen noch ihre vier Kinder im Alter zwischen zw\u00f6lf Jahren und 16 Monaten. Von ihnen wurde niemand verletzt.<\/p>\n","protected":false},"excerpt":{"rendered":"HELLMONS\u00d6DT. Am Montag ereignete sich ein t\u00f6dlicher Verkehrsunfall im Gemeindegebiet von Hellmons\u00f6dt. Gegen 14.20 Uhr lenkte eine 40-J\u00e4hrige&hellip;\n","protected":false},"author":2,"featured_media":261416,"comment_status":"","ping_status":"","sticky":false,"template":"","format":"standard","meta":{"footnotes":"","_share_on_mastodon":"0"},"categories":[6],"tags":[46,42,18240,3286,26779,71335,5446,44,6621,405,5401,43,45,2137,15683,302,15680],"class_list":["post-261415","post","type-post","status-publish","format-standard","has-post-thumbnail","category-oesterreich","tag-at","tag-austria","tag-bezirk-urfahr-umgebung","tag-ermittlungen","tag-hellmonsoedt","tag-l1501","tag-motorrad","tag-oesterreich","tag-pkw","tag-polizei","tag-reanimation","tag-republic-of-austria","tag-republik-oesterreich","tag-toedlich","tag-verkehrssicherheit","tag-verkehrsunfall","tag-verletzte"],"share_on_mastodon":{"url":"https:\/\/pubeurope.com\/@at\/116880774531220591","error":""},"_links":{"self":[{"href":"https:\/\/www.europesays.com\/at\/wp-json\/wp\/v2\/posts\/261415","targetHints":{"allow":["GET"]}}],"collection":[{"href":"https:\/\/www.europesays.com\/at\/wp-json\/wp\/v2\/posts"}],"about":[{"href":"https:\/\/www.europesays.com\/at\/wp-json\/wp\/v2\/types\/post"}],"author":[{"embeddable":true,"href":"https:\/\/www.europesays.com\/at\/wp-json\/wp\/v2\/users\/2"}],"replies":[{"embeddable":true,"href":"https:\/\/www.europesays.com\/at\/wp-json\/wp\/v2\/comments?post=261415"}],"version-history":[{"count":0,"href":"https:\/\/www.europesays.com\/at\/wp-json\/wp\/v2\/posts\/261415\/revisions"}],"wp:featuredmedia":[{"embeddable":true,"href":"https:\/\/www.europesays.com\/at\/wp-json\/wp\/v2\/media\/261416"}],"wp:attachment":[{"href":"https:\/\/www.europesays.com\/at\/wp-json\/wp\/v2\/media?parent=261415"}],"wp:term":[{"taxonomy":"category","embeddable":true,"href":"https:\/\/www.europesays.com\/at\/wp-json\/wp\/v2\/categories?post=261415"},{"taxonomy":"post_tag","embeddable":true,"href":"https:\/\/www.europesays.com\/at\/wp-json\/wp\/v2\/tags?post=261415"}],"curies":[{"name":"wp","href":"https:\/\/api.w.org\/{rel}","templated":true}]}}