{"id":262457,"date":"2026-07-08T10:39:16","date_gmt":"2026-07-08T10:39:16","guid":{"rendered":"https:\/\/www.europesays.com\/at\/262457\/"},"modified":"2026-07-08T10:39:16","modified_gmt":"2026-07-08T10:39:16","slug":"alvaro-arbeloa-uebernimmt-trainerposten-in-der-premier-league","status":"publish","type":"post","link":"https:\/\/www.europesays.com\/at\/262457\/","title":{"rendered":"Alvaro Arbeloa \u00fcbernimmt Trainerposten in der Premier League"},"content":{"rendered":"<p>Alvaro Arbeloa ist der neue Cheftrainer von Premier-League-Klub Fulham FC. Der 43-J\u00e4hrige unterschreibt einen Vertrag bis 2029 beim Tabellen-11. der abgelaufenen Saison.<\/p>\n<p>&#8222;Es ist mir eine gro\u00dfe Ehre, diesen neuen Abschnitt beim Fulham FC, dem \u00e4ltesten Verein Londons, zu beginnen&#8220;, sagt Arbeloa.<\/p>\n<p>Musste f\u00fcr Mourinho weichen<\/p>\n<p>&#8222;Ich freue mich sehr darauf, die Atmosph\u00e4re im Craven Cottage gemeinsam mit den Fulham-Fans zu erleben und n\u00e4chste Woche mit den Spielern in die Saisonvorbereitung zu starten. Ich bin sicher, dass wir gemeinsam eine unglaubliche Reise erleben werden.&#8220;<\/p>\n<p>Der ehemalige Au\u00dfenverteidiger war bereits als Spieler auf der Insel t\u00e4tig. Er lief f\u00fcr den <a href=\"https:\/\/www.laola1.at\/de\/daten\/news\/fussball\/fc-liverpool\/\" class=\"tag\" rel=\"nofollow noopener\" target=\"_blank\">FC Liverpool<\/a> und <a href=\"https:\/\/www.laola1.at\/de\/daten\/news\/fussball\/west-ham-united\/\" class=\"tag\" rel=\"nofollow noopener\" target=\"_blank\">West Ham United<\/a> auf. Bei Fulham beerbt er Trainer Marco Silva, der zu Benfica wechselte.<\/p>\n<p>Arbeloa stand im letzten Halbjahr bei <a href=\"https:\/\/www.laola1.at\/de\/daten\/news\/fussball\/real-madrid\/\" class=\"tag\" rel=\"nofollow noopener\" target=\"_blank\">Real Madrid<\/a> an der Seitenlinie, schloss die Saison jedoch ohne Titel ab und musste am Ende f\u00fcr <a href=\"https:\/\/www.laola1.at\/de\/daten\/news\/jose-mourinho\/\" class=\"tag\" rel=\"nofollow noopener\" target=\"_blank\">Jose Mourinho<\/a> Platz machen.<\/p>\n","protected":false},"excerpt":{"rendered":"Alvaro Arbeloa ist der neue Cheftrainer von Premier-League-Klub Fulham FC. Der 43-J\u00e4hrige unterschreibt einen Vertrag bis 2029 beim&hellip;\n","protected":false},"author":2,"featured_media":262458,"comment_status":"","ping_status":"","sticky":false,"template":"","format":"standard","meta":{"footnotes":"","_share_on_mastodon":"0"},"categories":[18],"tags":[7981,46,42,37567,71510,964,1880,44,9035,4329,11590,109,108],"class_list":["post-262457","post","type-post","status-publish","format-standard","has-post-thumbnail","category-sport","tag-alvaro-arbeloa","tag-at","tag-austria","tag-england-fussball","tag-fc-fulham","tag-fussball","tag-fussball-international","tag-oesterreich","tag-premier-league","tag-real-madrid","tag-spanien-fussball","tag-sport","tag-sports"],"share_on_mastodon":{"url":"https:\/\/pubeurope.com\/@at\/116883932164608705","error":""},"_links":{"self":[{"href":"https:\/\/www.europesays.com\/at\/wp-json\/wp\/v2\/posts\/262457","targetHints":{"allow":["GET"]}}],"collection":[{"href":"https:\/\/www.europesays.com\/at\/wp-json\/wp\/v2\/posts"}],"about":[{"href":"https:\/\/www.europesays.com\/at\/wp-json\/wp\/v2\/types\/post"}],"author":[{"embeddable":true,"href":"https:\/\/www.europesays.com\/at\/wp-json\/wp\/v2\/users\/2"}],"replies":[{"embeddable":true,"href":"https:\/\/www.europesays.com\/at\/wp-json\/wp\/v2\/comments?post=262457"}],"version-history":[{"count":0,"href":"https:\/\/www.europesays.com\/at\/wp-json\/wp\/v2\/posts\/262457\/revisions"}],"wp:featuredmedia":[{"embeddable":true,"href":"https:\/\/www.europesays.com\/at\/wp-json\/wp\/v2\/media\/262458"}],"wp:attachment":[{"href":"https:\/\/www.europesays.com\/at\/wp-json\/wp\/v2\/media?parent=262457"}],"wp:term":[{"taxonomy":"category","embeddable":true,"href":"https:\/\/www.europesays.com\/at\/wp-json\/wp\/v2\/categories?post=262457"},{"taxonomy":"post_tag","embeddable":true,"href":"https:\/\/www.europesays.com\/at\/wp-json\/wp\/v2\/tags?post=262457"}],"curies":[{"name":"wp","href":"https:\/\/api.w.org\/{rel}","templated":true}]}}