{"id":263169,"date":"2026-07-08T17:59:18","date_gmt":"2026-07-08T17:59:18","guid":{"rendered":"https:\/\/www.europesays.com\/at\/263169\/"},"modified":"2026-07-08T17:59:18","modified_gmt":"2026-07-08T17:59:18","slug":"pir-news-zu-vig-andritz-flughafen-wien-oekostrom-ag-christine-petzwinkler","status":"publish","type":"post","link":"https:\/\/www.europesays.com\/at\/263169\/","title":{"rendered":"PIR-News zu VIG, Andritz, Flughafen Wien, oekostrom AG (Christine Petzwinkler)"},"content":{"rendered":"<p>  08.07.2026,<br \/>\n    3657 Zeichen<br \/>\n<br clear=\"all\"\/><\/p>\n<p class=\"elementToProof\">Der Erwerb der N\u00fcrnberger stellt die gr\u00f6\u00dfte Transaktion der VIG in ihrer Unternehmensgeschichte dar. Nun wurde VIG-CEO Hartwig L\u00f6ger zum Vorsitzenden des Aufsichtsrats der N\u00fcrnberger gew\u00e4hlt. Des weiteren \u00fcbernimmt Gerhard Lahner, COO der VIG, die Position des Stellvertreter des AR-Vorsitzenden der N\u00fcrnberger. Hartwig L\u00f6ger zu seiner Wahl: \u201eWir werden aktiv am bereits erfolgreich eingeschlagenem Transformationskurs der N\u00fcrnberger zum Pr\u00e4ventionsversicherer mitwirken und die strategische Ausrichtung des Unternehmens zusammen weiterentwickeln.\u201c Gerhard Lahner zu den n\u00e4chsten Schritten: \u201eMit der Expertise unserer Gruppe bringen wir uns intensiv in die Entwicklung der IT-Landschaft der N\u00fcrnberger ein und werden damit auch die Services f\u00fcr Vertrieb und Kunden optimieren.\u201c<br \/>VIG (<\/p>\n<p>    Akt. Indikation:\u00a0     65,40 \/65,60, -0,46%)<\/p>\n<p class=\"elementToProof\">F\u00fcr \u00d6sterreichs gr\u00f6\u00dftes Projekt zur Erzeugung von gr\u00fcnem Wasserstoff wurde k\u00fcrzlich der Spatenstich gefeiert. Andritz wird die Anlage f\u00fcr RAG auf EPC-Basis liefern und dabei die volle Verantwortung f\u00fcr die Projektdurchf\u00fchrung und die Inbetriebnahme \u00fcbernehmen. Der Betriebsstart ist f\u00fcr Ende 2026 geplant. Die Anlage wird j\u00e4hrlich rund 17 Millionen m\u00b3 (mehr als 1.500 Tonnen) gr\u00fcnen Wasserstoff produzieren, wobei Solarenergie als prim\u00e4re erneuerbare Energiequelle genutzt wird.<br \/>Andritz (<\/p>\n<p>    Akt. Indikation:\u00a0     71,30 \/71,50, -2,33%)<\/p>\n<p>Neues vom Flughafen: Mit 1. J\u00e4nner 2027 \u00fcbernimmt Hubert Hofstetter die Leitung des Unternehmensbereichs Revision der Flughafen Wien AG. Er ist seit 2010 in unterschiedlichen Funktionen innerhalb der Flughafen Wien Gruppe t\u00e4tig. Zudem hat mit 1. Juli 2026 Ren\u00e9 Kalina die kaufm\u00e4nnische Gesch\u00e4ftsf\u00fchrung der Vienna Airport FBO GmbH (VAF), dem Tochterunternehmen der Flughafen Wien AG f\u00fcr Business Aviation, General Aviation und VIP-Services \u00fcbernommen. Er verf\u00fcgt \u00fcber mehr als 20 Jahre Berufserfahrung in leitenden Funktionen im Finanz-, Controlling- und Beteiligungsmanagement. Des weiteren hat mit 1. Juli 2026 Angelika Ponecz die Gesch\u00e4ftsf\u00fchrung der Vienna AirportCity Event GmbH (VAC) \u00fcbernommen. Die ausgewiesene Tourismus- und Hospitality-Expertin ist seit 33 Jahren in der Hotel- und Tourismusbranche t\u00e4tig.<br \/>Der Flughafen Wien begr\u00fc\u00dft zudem den Beschluss zur Novellierung des Luftfahrtgesetzes. Vorstand G\u00fcnther Ofner: \u201eMit der Novellierung des Luftfahrtgesetzes wurden wichtige Entb\u00fcrokratisierungen und Verfahrensvereinfachungen beschlossen, die zur St\u00e4rkung des Luftfahrtsektors in \u00d6sterreich beitragen. Besonders hervorzuheben sind die praxisnahe Ausgestaltung der Zuverl\u00e4ssigkeits\u00fcberpr\u00fcfungen (Z\u00dcP), die Erm\u00f6glichung zeitgem\u00e4\u00dfer Infrastruktureinrichtungen auf Flugh\u00e4fen sowie zahlreiche Verfahrensvereinfachungsma\u00dfnahmen. Wir hoffen nun sehr auf weitere wichtige Schritte, wie die Reduktion der Flugabgabe und die \u00c4nderung der wettbewerbsverzerrenden EU-Regulierungen im Luftverkehr!\u201c<br \/>Flughafen Wien (<\/p>\n<p>    Akt. Indikation:\u00a0     50,80 \/51,40, 0,59%<\/p>\n<p class=\"elementToProof\">Bei der oekostrom AG kommt es zu einem Wechsel im Vorstand. Jan Ha\u0308upler, Vorstand fu\u0308r Produktion und Finanzen wird seinen im Mai 2027 endenden Vorstandsvertrag nicht verla\u0308ngern. Die Position wird von Horst Ebner \u00fcbernommen. Er war bereits 2010 bis 2015 Vorstand des Unternehmens, danach viele Jahre als Vorstand bei der Salzburg AG und zuletzt als Gescha\u0308ftsfu\u0308hrer bei disk.energy ta\u0308tig. Die oekostrom AG plant im Herbst 2026 eine Kapitalerho\u0308hung, mit der die Finanzierung der Investitionspipeline in den Bereichen Windkraft, Photovoltaik und Batteriespeicher sowie die Weiterentwicklung von Handel und Vertrieb weiter abgesichert werden soll.<\/p>\n<p>(Der Input von Christine Petzwinkler f\u00fcr den <a href=\"http:\/\/www.boerse-social.com\/gabb \" rel=\"nofollow noopener\" target=\"_blank\">http:\/\/www.boerse-social.com\/gabb<\/a> vom 08.07.)<\/p>\n<p>(08.07.2026)<\/p>\n<p>  <br clear=\"all\"\/><\/p>\n<p>\n BSN Podcasts\n<\/p>\n<p><a href=\"https:\/\/audio-cd.at\/page\/podcast\/8892\/\" style=\"text-decoration:none;line-height:1px;font-size:14px;color:#333\" rel=\"nofollow noopener\" target=\"_blank\"><br \/>\n      Christian Drastil: Wiener B\u00f6rse Plausch<br \/>\n      <img decoding=\"async\" src=\"https:\/\/www.europesays.com\/at\/wp-content\/uploads\/2026\/07\/1783533557_60_100.jpeg\" style=\"width:50px; float:left;margin-right:10px;margin-top:2px\"\/><\/p>\n<p style=\"font-size:14px;margin-bottom:0;font-weight:normal;margin-top:6px;line-height:13px\">Wiener B\u00f6rse Party #1194: ATX deutlich schw\u00e4cher, AT&amp;S und Kontron als Deutsche B\u00f6rse Champions, Award f\u00fcr die Telekom Austria-IR\n        <\/p>\n<p>      <\/a><\/p>\n<p>\u00a0<\/p>\n<p>    <br clear=\"all\"\/><br \/>\n        Bildnachweis<\/p>\n<p style=\"font-size:12px;margin-bottom:8px\">\n          1.<br \/>\n          mind the #gabb<\/p>\n<p><a href=\"https:\/\/www.boerse-social.com\/radar\/08.07.2026\" rel=\"nofollow noopener\" target=\"_blank\"><\/p>\n<p>Aktien auf dem Radar:Kapsch TrafficCom, Polytec Group, AT&amp;S, Amag, Semperit, Austriacard Holdings AG, Rosenbauer, ATX, ATX Prime, ATX TR, voestalpine, Wienerberger, ATX NTR, Andritz, Lenzing, DO&amp;CO, Erste Group, OMV, Porr, Rath AG, RBI, Wolford, Zumtobel, BKS Bank Stamm, EuroTeleSites AG, CPI Europe AG, \u00d6sterreichische Post, Telekom Austria, UBM.\n    <\/p>\n<p><\/a> <\/p>\n<p>  <a href=\"https:\/\/www.boerse-social.com\/partner\" rel=\"nofollow noopener\" target=\"_blank\">Random Partner<\/a><\/p>\n<p>            <a href=\"https:\/\/www.wienerberger.com\/de.html\" target=\"_blank\" style=\"border:0\" rel=\"nofollow noopener\"><br \/>\n                <img decoding=\"async\" src=\"https:\/\/www.europesays.com\/at\/wp-content\/uploads\/2026\/07\/1783533558_983_200.png\" style=\"width:100px;\"\/><br \/>\n            <\/a><\/p>\n<p class=\"content\">\n            <a href=\"https:\/\/www.wienerberger.com\/de.html\" target=\"_blank\" rel=\"nofollow noopener\">wienerberger<\/a><br \/>wienerberger ist einer der f\u00fchrenden Anbieter von innovativen, \u00f6kologischen L\u00f6sungen f\u00fcr die gesamte Geb\u00e4udeh\u00fclle in den Bereichen Neubau und Renovierung sowie f\u00fcr Infrastruktur im Wasser- und Energiemanagement.\n        <\/p>\n<p style=\"padding-left:8px\">&gt;&gt; Besuchen Sie 55 weitere Partner auf <a href=\"http:\/\/boerse-social.com\/partner\" style=\"border-bottom:1px dotted #999\" rel=\"nofollow noopener\" target=\"_blank\">boerse-social.com\/partner<\/a><\/p>\n<p><br clear=\"all\"\/><\/p>\n<p>    \u00a0Latest Blogs<\/p>\n<p style=\"font-size:13px;margin-bottom:5px\">\n        <a href=\"https:\/\/www.boerse-social.com\/2026\/07\/08\/osterreich-depots_schwacher_depot_kommentar_23\" rel=\"nofollow noopener\" target=\"_blank\"><br \/>\n          \u00bb \u00d6sterreich-Depots: Schw\u00e4cher (Depot Kommentar)<br \/>\n        <\/a>\n      <\/p>\n<p style=\"font-size:13px;margin-bottom:5px\">\n        <a href=\"https:\/\/www.boerse-social.com\/2026\/07\/08\/borsegeschichte_87_bitte_wieder_so_wie_2022_borse_geschichte_borsegeschichte\" rel=\"nofollow noopener\" target=\"_blank\"><br \/>\n          \u00bb B\u00f6rsegeschichte 8.7.: Bitte wieder so wie 2022 (B\u00f6rse Geschichte) (B\u00f6rse&#8230;<br \/>\n        <\/a>\n      <\/p>\n<p style=\"font-size:13px;margin-bottom:5px\">\n        <a href=\"https:\/\/www.boerse-social.com\/2026\/07\/08\/nachlese_andrea_maier_win2day_open_dadat_zertifikate_manuela_wenger_audio_cdat\" rel=\"nofollow noopener\" target=\"_blank\"><br \/>\n          \u00bb Nachlese: Andrea Maier, win2day Open, dad.at Zertifikate, Manuela Wenger&#8230;<br \/>\n        <\/a>\n      <\/p>\n<p style=\"font-size:13px;margin-bottom:5px\">\n        <a href=\"https:\/\/www.boerse-social.com\/2026\/07\/08\/wiener_borse_party_1194_atx_deutlich_schwacher_ats_und_kontron_als_deutsche_borse_champions_award_fur_die_telekom_austria-ir\" rel=\"nofollow noopener\" target=\"_blank\"><br \/>\n          \u00bb Wiener B\u00f6rse Party #1194: ATX deutlich schw\u00e4cher, AT&amp;S und Kontron als D&#8230;<br \/>\n        <\/a>\n      <\/p>\n<p style=\"font-size:13px;margin-bottom:5px\">\n        <a href=\"https:\/\/www.boerse-social.com\/2026\/07\/08\/pir-news_zu_vig_andritz_flughafen_wien_oekostrom_ag_christine_petzwinkler\" rel=\"nofollow noopener\" target=\"_blank\"><br \/>\n          \u00bb PIR-News zu VIG, Andritz, Flughafen Wien, oekostrom AG (Christine Petzwi&#8230;<br \/>\n        <\/a>\n      <\/p>\n<p style=\"font-size:13px;margin-bottom:5px\">\n        <a href=\"https:\/\/www.boerse-social.com\/2026\/07\/08\/wiener_borse_zu_mittag_leichter_verbund_frequentis_und_ats_gesucht\" rel=\"nofollow noopener\" target=\"_blank\"><br \/>\n          \u00bb Wiener B\u00f6rse zu Mittag leichter: Verbund, Frequentis und AT&amp;S gesucht<br \/>\n        <\/a>\n      <\/p>\n<p style=\"font-size:13px;margin-bottom:5px\">\n        <a href=\"https:\/\/www.boerse-social.com\/2026\/07\/08\/borsepeople_im_podcast_s2513_eva_landrichtinger\" rel=\"nofollow noopener\" target=\"_blank\"><br \/>\n          \u00bb B\u00f6rsepeople im Podcast S25\/13: Eva Landrichtinger<br \/>\n        <\/a>\n      <\/p>\n<p style=\"font-size:13px;margin-bottom:5px\">\n        <a href=\"https:\/\/www.boerse-social.com\/2026\/07\/08\/von_schladming_nach_salzburg_wie_die_treasury_and_finance_convention_von_slg_treasury_ihr_neues_kompaktformat_fand_podcast\" rel=\"nofollow noopener\" target=\"_blank\"><br \/>\n          \u00bb Von Schladming nach Salzburg: Wie die Treasury and Finance Convention vo&#8230;<br \/>\n        <\/a>\n      <\/p>\n<p style=\"font-size:13px;margin-bottom:5px\">\n        <a href=\"https:\/\/www.boerse-social.com\/2026\/07\/08\/vom_bwl-studium_zur_country_medical_directorin_andrea_maiers_weg_durch_die_pharma-branche_podcast\" rel=\"nofollow noopener\" target=\"_blank\"><br \/>\n          \u00bb Vom BWL-Studium zur Country Medical Directorin: Andrea Maiers Weg durch &#8230;<br \/>\n        <\/a>\n      <\/p>\n<p style=\"font-size:13px;margin-bottom:5px\">\n        <a href=\"https:\/\/www.boerse-social.com\/2026\/07\/08\/borse-inputs_auf_spotify_zu_ua_semperit_bajaj_mobility_win2day_otv_dadat_zertifikate_oliver_astl-lipusz_slg_treasury_andrea_maier_1\" rel=\"nofollow noopener\" target=\"_blank\"><br \/>\n          \u00bb B\u00f6rse-Inputs auf Spotify zu u.a. Semperit, Bajaj Mobility, win2day \u00d6TV, &#8230;<br \/>\n        <\/a>\n      <\/p>\n<p><\/p>\n","protected":false},"excerpt":{"rendered":"08.07.2026, 3657 Zeichen Der Erwerb der N\u00fcrnberger stellt die gr\u00f6\u00dfte Transaktion der VIG in ihrer Unternehmensgeschichte dar. Nun&hellip;\n","protected":false},"author":2,"featured_media":263170,"comment_status":"","ping_status":"","sticky":false,"template":"","format":"standard","meta":{"footnotes":"","_share_on_mastodon":"0"},"categories":[14],"tags":[46,71699,42,95,90,89,26128,4345,15513,48794,62278,71696,71697,71700,91,94,71693,14995,44,71694,93,92,67729,20675,71695,71698],"class_list":["post-263169","post","type-post","status-publish","format-standard","has-post-thumbnail","category-unternehmen-maerkte","tag-at","tag-aufsichtsrats","tag-austria","tag-business","tag-companies","tag-companies-markets","tag-coo","tag-der","tag-des","tag-erwerb","tag-gerhard","tag-hartwig","tag-loumlger","tag-lahner","tag-markets","tag-maerkte","tag-nuumlrnberger","tag-nun","tag-oesterreich","tag-transaktion","tag-unternehmen","tag-unternehmen-maerkte","tag-unternehmensgeschichte","tag-vig","tag-vig-ceo","tag-vorsitzenden"],"share_on_mastodon":{"url":"https:\/\/pubeurope.com\/@at\/116885662666287785","error":""},"_links":{"self":[{"href":"https:\/\/www.europesays.com\/at\/wp-json\/wp\/v2\/posts\/263169","targetHints":{"allow":["GET"]}}],"collection":[{"href":"https:\/\/www.europesays.com\/at\/wp-json\/wp\/v2\/posts"}],"about":[{"href":"https:\/\/www.europesays.com\/at\/wp-json\/wp\/v2\/types\/post"}],"author":[{"embeddable":true,"href":"https:\/\/www.europesays.com\/at\/wp-json\/wp\/v2\/users\/2"}],"replies":[{"embeddable":true,"href":"https:\/\/www.europesays.com\/at\/wp-json\/wp\/v2\/comments?post=263169"}],"version-history":[{"count":0,"href":"https:\/\/www.europesays.com\/at\/wp-json\/wp\/v2\/posts\/263169\/revisions"}],"wp:featuredmedia":[{"embeddable":true,"href":"https:\/\/www.europesays.com\/at\/wp-json\/wp\/v2\/media\/263170"}],"wp:attachment":[{"href":"https:\/\/www.europesays.com\/at\/wp-json\/wp\/v2\/media?parent=263169"}],"wp:term":[{"taxonomy":"category","embeddable":true,"href":"https:\/\/www.europesays.com\/at\/wp-json\/wp\/v2\/categories?post=263169"},{"taxonomy":"post_tag","embeddable":true,"href":"https:\/\/www.europesays.com\/at\/wp-json\/wp\/v2\/tags?post=263169"}],"curies":[{"name":"wp","href":"https:\/\/api.w.org\/{rel}","templated":true}]}}