{"id":263695,"date":"2026-07-09T00:59:30","date_gmt":"2026-07-09T00:59:30","guid":{"rendered":"https:\/\/www.europesays.com\/at\/263695\/"},"modified":"2026-07-09T00:59:30","modified_gmt":"2026-07-09T00:59:30","slug":"ungewoehnliche-wm-bilanz-europa-dominanz-in-uebersee","status":"publish","type":"post","link":"https:\/\/www.europesays.com\/at\/263695\/","title":{"rendered":"Ungew\u00f6hnliche WM-Bilanz: Europa-Dominanz in \u00dcbersee"},"content":{"rendered":"<p> <img decoding=\"async\" src=\"https:\/\/www.europesays.com\/at\/wp-content\/uploads\/2026\/07\/1a49a8d68d0f0bcad8a4f197f83ababa5c93629c.jpg\" alt=\"\"\/> <\/p>\n<p>\t\t\t\t\tObenauf in \u00dcbersee: Europa ist die treibende Kraft im Viertelfinale der Fu\u00dfball-Weltmeisterschaft. In der Runde der letzten acht stehen in Spanien, Frankreich, England, Norwegen, Belgien und der Schweiz sechs europ\u00e4ische Mannschaften &#8211; das ist f\u00fcr ein Turnier au\u00dferhalb des Kontinents durchaus ungew\u00f6hnlich. Sechs Teams aus Europa im Viertelfinale hatte es bei einer solchen WM zuletzt 1994 gegeben, auch damals hie\u00df der Gastgeber USA. Seither hatten es bei den Endrunden in Japan und S\u00fcdkorea 2002 (4 europ\u00e4ische Teams), S\u00fcdafrika 2010 (3), Brasilien 2014 (4) und Katar 2022 (5) stets weniger Europ\u00e4er unter die besten acht Teams geschafft.<\/p>\n<p><img decoding=\"async\" src=\"https:\/\/www.europesays.com\/at\/wp-content\/uploads\/2026\/07\/ba76ef6da74a56d4419f9c3de18026808543832d.jpg\" alt=\"Frankreichs Kylian Mbappe und Michael Olise (Foto: AFP\/SID\/ANGELA WEISS)\"\/><\/p>\n<p>Frankreichs Kylian Mbappe und Michael Olise<\/p>\n<p>Foto: AFP\/SID\/ANGELA WEISS<\/p>\n<p>Historisch gesehen ist es um das finale Abschneiden europ\u00e4ischer Mannschaften bei Weltmeisterschaften au\u00dferhalb des eigenen Kontinents bescheiden bestellt: Erst zweimal seit 1930 stellte Europa in solchen F\u00e4llen den Sieger \u2013 Spanien gewann 2010 und Deutschland vier Jahre sp\u00e4ter. 2026 stehen die Chancen gut, dass die Liste um einen dritten Namen erweitert wird. Titelverteidiger Argentinien und Marokko komplettieren das Viertelfinale, das der Afrikameister am Donnerstag (22.00 Uhr\/ARD und MagentaTV) gegen Topfavorit Frankreich er\u00f6ffnet.<\/p>\n<p>Die europ\u00e4ische WM-Dominanz kommt indes nicht von ungef\u00e4hr: Bei 48 L\u00e4ndern stellt Europa 16 Teilnehmer des XXL-Turniers \u2013 mehr als jeder andere Kontinentalverband. Zudem dominieren die Teams auch in der FIFA-Weltrangliste: F\u00fcnf der besten acht kommen aus Europa.<\/p>\n<p class=\"text-secondary\">\u00a9 2026 SID<\/p>\n","protected":false},"excerpt":{"rendered":"Obenauf in \u00dcbersee: Europa ist die treibende Kraft im Viertelfinale der Fu\u00dfball-Weltmeisterschaft. In der Runde der letzten acht&hellip;\n","protected":false},"author":2,"featured_media":263696,"comment_status":"","ping_status":"","sticky":false,"template":"","format":"standard","meta":{"footnotes":"","_share_on_mastodon":"0"},"categories":[3],"tags":[76,75,74,12864,13130,71775],"class_list":["post-263695","post","type-post","status-publish","format-standard","has-post-thumbnail","category-europa","tag-eu","tag-europa","tag-europe","tag-fussball-weltmeisterschaft","tag-viertelfinale","tag-wm-dominanz"],"share_on_mastodon":{"url":"https:\/\/pubeurope.com\/@at\/116887314220680306","error":""},"_links":{"self":[{"href":"https:\/\/www.europesays.com\/at\/wp-json\/wp\/v2\/posts\/263695","targetHints":{"allow":["GET"]}}],"collection":[{"href":"https:\/\/www.europesays.com\/at\/wp-json\/wp\/v2\/posts"}],"about":[{"href":"https:\/\/www.europesays.com\/at\/wp-json\/wp\/v2\/types\/post"}],"author":[{"embeddable":true,"href":"https:\/\/www.europesays.com\/at\/wp-json\/wp\/v2\/users\/2"}],"replies":[{"embeddable":true,"href":"https:\/\/www.europesays.com\/at\/wp-json\/wp\/v2\/comments?post=263695"}],"version-history":[{"count":0,"href":"https:\/\/www.europesays.com\/at\/wp-json\/wp\/v2\/posts\/263695\/revisions"}],"wp:featuredmedia":[{"embeddable":true,"href":"https:\/\/www.europesays.com\/at\/wp-json\/wp\/v2\/media\/263696"}],"wp:attachment":[{"href":"https:\/\/www.europesays.com\/at\/wp-json\/wp\/v2\/media?parent=263695"}],"wp:term":[{"taxonomy":"category","embeddable":true,"href":"https:\/\/www.europesays.com\/at\/wp-json\/wp\/v2\/categories?post=263695"},{"taxonomy":"post_tag","embeddable":true,"href":"https:\/\/www.europesays.com\/at\/wp-json\/wp\/v2\/tags?post=263695"}],"curies":[{"name":"wp","href":"https:\/\/api.w.org\/{rel}","templated":true}]}}