{"id":26370,"date":"2026-03-05T02:23:30","date_gmt":"2026-03-05T02:23:30","guid":{"rendered":"https:\/\/www.europesays.com\/at\/26370\/"},"modified":"2026-03-05T02:23:30","modified_gmt":"2026-03-05T02:23:30","slug":"ejk-mit-schwerpunktaktion-in-wien-favoriten","status":"publish","type":"post","link":"https:\/\/www.europesays.com\/at\/26370\/","title":{"rendered":"EJK mit Schwerpunktaktion in Wien-Favoriten"},"content":{"rendered":"<p>            Von<\/p>\n<p>              .<\/p>\n<p>            &#8211;<\/p>\n<p>              4.03.2026 12:23<\/p>\n<p>              (Akt. 4.03.2026 12:49)<\/p>\n<p>      <img decoding=\"async\" src=\"https:\/\/www.europesays.com\/at\/wp-content\/uploads\/2026\/03\/ABD0060-20250221-12-vodl-10026836-4-3-1856x1392.jpg\"   alt=\"Polizei informierte \u00fcber EJK-Schwerpunktaktion.\" title=\"Polizei informierte \u00fcber EJK-Schwerpunktaktion.\"\/><\/p>\n<p>                    Polizei informierte \u00fcber EJK-Schwerpunktaktion.<br \/>\n                     \u00a9APA\/HANS KLAUS TECHT  (Symbolbild)<\/p>\n<p>\n        In Wien-Favoriten ist laut Exekutive am Montag und Dienstag eine Schwerpunktaktion der Einsatzgruppe zur Bek\u00e4mpfung der Jugendkriminalit\u00e4t (EJK) \u00fcber die B\u00fchne gegangen.\n      <\/p>\n<p>Im Bereich Innerfavoriten ist es zu Schwerpunktma\u00dfnahmen zur Bek\u00e4mpfung der Jugendkriminalit\u00e4t gekommen. Zudem gab es Streifent\u00e4tigkeiten im gesamten Bereich des Stadtpolizeikommandos Favoriten. Im Zuge der Ma\u00dfnahmen nahm das Landeskriminalamt im Bereich Keplerplatz einen Staatenlosen (31) und einen Afghanen (29) wegen des Verdachts des Suchtmittelhandels im \u00f6ffentlich Raum auf frischer Tat fest. Neben 5,4 Gramm Cannabisharz und 0,9 Gramm Kokain wurden auch 120 Euro in bar sichergestellt. F\u00fcr einen der Beschuldigten ging es in eine Justizanstalt..<\/p>\n<p>\n            Weitere Festnahmen\n          <\/p>\n<p>Festgenommen wurden zudem ein Rum\u00e4ne (22, wegen einer fremdenrechtlichen Festnahmeanordnung) und ein Algerier (28, wegen einer aufrechten Festnahmeanordnung wegen des Verdachts der schweren K\u00f6rperverletzung und N\u00f6tigung). Insgesamt wurden vier Festnahmen, 17 Anzeigen und 36 Identit\u00e4tsfeststellungen verzeichnet. <\/p>\n","protected":false},"excerpt":{"rendered":"Von . &#8211; 4.03.2026 12:23 (Akt. 4.03.2026 12:49) Polizei informierte \u00fcber EJK-Schwerpunktaktion. \u00a9APA\/HANS KLAUS TECHT (Symbolbild) In Wien-Favoriten&hellip;\n","protected":false},"author":2,"featured_media":26371,"comment_status":"","ping_status":"","sticky":false,"template":"","format":"standard","meta":{"footnotes":"","_share_on_mastodon":"0"},"categories":[28],"tags":[3654,46,42,12973,3118,44,566,10505,181,182,3123,423],"class_list":["post-26370","post","type-post","status-publish","format-standard","has-post-thumbnail","category-wien","tag-10-bezirk","tag-at","tag-austria","tag-ejk","tag-favoriten","tag-oesterreich","tag-polizei-news","tag-schwerpunktaktion","tag-vienna","tag-wien","tag-wien-10-bezirk","tag-wien-aktuell"],"share_on_mastodon":{"url":"https:\/\/pubeurope.com\/@at\/116174192838216831","error":""},"_links":{"self":[{"href":"https:\/\/www.europesays.com\/at\/wp-json\/wp\/v2\/posts\/26370","targetHints":{"allow":["GET"]}}],"collection":[{"href":"https:\/\/www.europesays.com\/at\/wp-json\/wp\/v2\/posts"}],"about":[{"href":"https:\/\/www.europesays.com\/at\/wp-json\/wp\/v2\/types\/post"}],"author":[{"embeddable":true,"href":"https:\/\/www.europesays.com\/at\/wp-json\/wp\/v2\/users\/2"}],"replies":[{"embeddable":true,"href":"https:\/\/www.europesays.com\/at\/wp-json\/wp\/v2\/comments?post=26370"}],"version-history":[{"count":0,"href":"https:\/\/www.europesays.com\/at\/wp-json\/wp\/v2\/posts\/26370\/revisions"}],"wp:featuredmedia":[{"embeddable":true,"href":"https:\/\/www.europesays.com\/at\/wp-json\/wp\/v2\/media\/26371"}],"wp:attachment":[{"href":"https:\/\/www.europesays.com\/at\/wp-json\/wp\/v2\/media?parent=26370"}],"wp:term":[{"taxonomy":"category","embeddable":true,"href":"https:\/\/www.europesays.com\/at\/wp-json\/wp\/v2\/categories?post=26370"},{"taxonomy":"post_tag","embeddable":true,"href":"https:\/\/www.europesays.com\/at\/wp-json\/wp\/v2\/tags?post=26370"}],"curies":[{"name":"wp","href":"https:\/\/api.w.org\/{rel}","templated":true}]}}