{"id":264374,"date":"2026-07-09T10:00:12","date_gmt":"2026-07-09T10:00:12","guid":{"rendered":"https:\/\/www.europesays.com\/at\/264374\/"},"modified":"2026-07-09T10:00:12","modified_gmt":"2026-07-09T10:00:12","slug":"fc-red-bull-salzburg-hat-saudi-arabischer-klub-oefb-teamtorhueter-schlager-im-visier","status":"publish","type":"post","link":"https:\/\/www.europesays.com\/at\/264374\/","title":{"rendered":"FC Red Bull Salzburg: Hat Saudi Arabischer Klub \u00d6FB-Teamtorh\u00fcter Schlager im Visier?"},"content":{"rendered":"<p>\t\t\t\t\t\t\t\t\t\t\t\t\t\t\t <img decoding=\"async\" src=\"https:\/\/www.europesays.com\/at\/wp-content\/uploads\/2026\/07\/1783590011_596_red-bull-salzburg.png\" alt=\"\"\/> <\/p>\n<p>Er erwies sich bei der Fu\u00dfball-WM 2026 in Nordamerika als zuverl\u00e4ssiger, starker R\u00fcckhalt des \u00d6FB-Teams: Alexander Schlager.\u00a0Dessen Zukunft beim <a href=\"https:\/\/ticker.ligaportal.at\/mannschaft\/1729\/red-bull-salzburg\" rel=\"nofollow noopener\" target=\"_blank\">FC Red Bull Salzburg <\/a>offenbar offen ist. Obwohl der 30-j\u00e4hrige, geb\u00fcrtige Salzburger noch bis Juni 2027 an die Roten Bullen gebunden ist, verdichten sich die Hinweise auf einen m\u00f6glichen Wechsel. Medienberichten zufolge besch\u00e4ftigt sich derzeit ein Verein aus Saudi-Arabien mit einer Verpflichtung des 30-fachen \u00f6sterreichischen Team-Torh\u00fcters.<\/p>\n<p><img decoding=\"async\" src=\"https:\/\/www.europesays.com\/at\/wp-content\/uploads\/2026\/05\/schlager-keeper-rb-salzburg-beim-lask-10-05-26-harry-dostal-pumann.jpg\" alt=\"\"\/><\/p>\n<p>Macht sich der derzeit im Urlaub befindliche Alexander Schlager Gedanken \u00fcber einen Abgang in diesem Sommer vom FC Red Bull Salzburg?<\/p>\n<p>Angebot aus Saudi-Arabien im Raum<\/p>\n<p>Alexander Schlager konnte sich bei der Weltmeisterschaft trotz des fr\u00fchen Ausscheidens \u00d6sterreichs mehrfach auszeichnen. In vier Partien kassierte der Salzburger zwar insgesamt neun Gegentreffer, \u00fcberzeugte jedoch mit starken Paraden und verhinderte insbesondere im Sechzehntelfinale gegen Spanien (0:2) eine deutlich h\u00f6here Niederlage. Auch im Duell mit Titelverteidiger Argentinien wusste der der FC Red Bull Salzburg-Schlussmann zu \u00fcberzeugen und brachte unter anderem Lionel Messi dazu, einen Strafsto\u00df nicht zu verwerten.<\/p>\n<p data-start=\"1200\" data-end=\"1521\">Nach drei Spielzeiten ohne Titel soll der 30-J\u00e4hrige zuletzt mit seiner sportlichen Situation unzufrieden gewesen sein. Bereits in den vergangenen Wochen wurden mehrere Interessenten aus Deutschland mit dem Schlussmann in Verbindung gebracht. Nun k\u00f6nnte sich mit einem Klub aus der Saudi Pro League eine weitere Option ergeben.<\/p>\n<p data-start=\"1523\" data-end=\"1776\">Wie Transferexperte Rudy Galetti berichtet, soll Al-Fateh SC dem 1,88 Meter-Mann ein konkretes Angebot vorgelegt haben. Demnach befinde sich Schlager derzeit in der Pr\u00fcfung dieser Offerte.<\/p>\n<p data-start=\"1523\" data-end=\"1776\">Der Keeper war im Sommer 2023 vom LASK zum FC Red Bull Salzburg gewechselt \u2013 unmittelbar nach dem bislang letzten Titelgewinn der Roten Bullen. Sollte es tats\u00e4chlich zu einem Abschied kommen, k\u00f6nnte RBS-Eigengew\u00e4chs Christian Zawieschitzky verst\u00e4rkt in den Fokus r\u00fccken. Der 19-j\u00e4hrige Kufsteiner gilt als gro\u00dfes Torh\u00fctertalent und erhielt zuletzt auch von Salzburgs Neo-Cheftrainer Danny R\u00f6hl \u00f6ffentlich viel Lob.<\/p>\n<p>Siehe auch:\u00a0<\/p>\n<p>Fotocredit: Harry Dostal\/www.sport-bilder.at<\/p>\n","protected":false},"excerpt":{"rendered":"Er erwies sich bei der Fu\u00dfball-WM 2026 in Nordamerika als zuverl\u00e4ssiger, starker R\u00fcckhalt des \u00d6FB-Teams: Alexander Schlager.\u00a0Dessen Zukunft&hellip;\n","protected":false},"author":2,"featured_media":166109,"comment_status":"","ping_status":"","sticky":false,"template":"","format":"standard","meta":{"footnotes":"","_share_on_mastodon":"0"},"categories":[31],"tags":[7640,46,42,1061,44,192,10886,17326],"class_list":["post-264374","post","type-post","status-publish","format-standard","has-post-thumbnail","category-salzburg","tag-alexander-schlager","tag-at","tag-austria","tag-fc-red-bull-salzburg","tag-oesterreich","tag-salzburg","tag-saudi-arabien","tag-torhuetertalent"],"share_on_mastodon":{"url":"https:\/\/pubeurope.com\/@at\/116889441401560002","error":""},"_links":{"self":[{"href":"https:\/\/www.europesays.com\/at\/wp-json\/wp\/v2\/posts\/264374","targetHints":{"allow":["GET"]}}],"collection":[{"href":"https:\/\/www.europesays.com\/at\/wp-json\/wp\/v2\/posts"}],"about":[{"href":"https:\/\/www.europesays.com\/at\/wp-json\/wp\/v2\/types\/post"}],"author":[{"embeddable":true,"href":"https:\/\/www.europesays.com\/at\/wp-json\/wp\/v2\/users\/2"}],"replies":[{"embeddable":true,"href":"https:\/\/www.europesays.com\/at\/wp-json\/wp\/v2\/comments?post=264374"}],"version-history":[{"count":0,"href":"https:\/\/www.europesays.com\/at\/wp-json\/wp\/v2\/posts\/264374\/revisions"}],"wp:featuredmedia":[{"embeddable":true,"href":"https:\/\/www.europesays.com\/at\/wp-json\/wp\/v2\/media\/166109"}],"wp:attachment":[{"href":"https:\/\/www.europesays.com\/at\/wp-json\/wp\/v2\/media?parent=264374"}],"wp:term":[{"taxonomy":"category","embeddable":true,"href":"https:\/\/www.europesays.com\/at\/wp-json\/wp\/v2\/categories?post=264374"},{"taxonomy":"post_tag","embeddable":true,"href":"https:\/\/www.europesays.com\/at\/wp-json\/wp\/v2\/tags?post=264374"}],"curies":[{"name":"wp","href":"https:\/\/api.w.org\/{rel}","templated":true}]}}