{"id":264409,"date":"2026-07-09T10:20:09","date_gmt":"2026-07-09T10:20:09","guid":{"rendered":"https:\/\/www.europesays.com\/at\/264409\/"},"modified":"2026-07-09T10:20:09","modified_gmt":"2026-07-09T10:20:09","slug":"kleinbrand-in-ansfelden-vier-feuerwehren-im-einsatz","status":"publish","type":"post","link":"https:\/\/www.europesays.com\/at\/264409\/","title":{"rendered":"Kleinbrand in Ansfelden: Vier Feuerwehren im Einsatz"},"content":{"rendered":"<p class=\"news-entry\"> ANSFELDEN. Am sp\u00e4ten Mittwochabend r\u00fcckten vier Feuerwehren zu einem Brand in einem Mehrparteienwohnhaus aus. Gl\u00fccklicherweise handelte es sich nur um ein kleines Feuer, das schnell gel\u00f6scht werden konnte. <\/p>\n<p><a id=\"firstPictureContainer\" data-fancybox=\"gallery\" data-count=\"0\" href=\"https:\/\/images.tips.at\/image\/thumb\/news\/937934\/728740\/1200x1200x0\/1783590964.4754-kleinbrand-in-ansfelden-vier-feuerwehren-im-einsatz-FrPa4w.webp\" data-caption=\"Ein Feuerwehrfahrzeug beim n\u00e4chtlichen Einsatz wegen eines Kleinbrands in einem Mehrparteienhaus in Ansfelden (Fotocredit: laumat\/Matthias Lauber)\" data-thumb=\"https:\/\/images.tips.at\/image\/thumbcrop\/news\/937934\/728740\/240x160x0\/1783590964.4754-kleinbrand-in-ansfelden-vier-feuerwehren-im-einsatz-0XXeDA.jpg\" data-thumbs=\"{&#039;autoStart&#039;:false}\" rel=\"nofollow noopener\" target=\"_blank\"><img loading=\"lazy\" decoding=\"async\" id=\"firstPicture\" class=\"figure-img w-100 img-fluid rounded\" width=\"736\" height=\"446\" alt=\"\" aria-label=\"Ein Feuerwehrfahrzeug beim n\u00e4chtlichen Einsatz wegen eines Kleinbrands in einem Mehrparteienhaus in Ansfelden (Fotocredit: laumat\/Matthias Lauber)\" data-caption=\"Ein Feuerwehrfahrzeug beim n\u00e4chtlichen Einsatz wegen eines Kleinbrands in einem Mehrparteienhaus in Ansfelden (Fotocredit: laumat\/Matthias Lauber)\" src=\"https:\/\/www.europesays.com\/at\/wp-content\/uploads\/2026\/07\/1783590964.4754-kleinbrand-in-ansfelden-vier-feuerwehren-im-einsatz-8XaXFw.jpg\"\/> \u00a0 1 \/ 2 \u00a0  Ein Feuerwehrfahrzeug beim n\u00e4chtlichen Einsatz wegen eines Kleinbrands in einem Mehrparteienhaus in Ansfelden (Fotocredit: laumat\/Matthias Lauber) <\/a><\/p>\n<p> ANSFELDEN. Am sp\u00e4ten Mittwochabend wurden gleich vier Feuerwehren mit der Meldung \u201eBrand Geb\u00e4ude\u201c zu einem Mehrparteienwohnhaus in Ansfelden im Bezirk Linz-Land gerufen. Die Alarmierung erfolgte gegen Abend. Bei der Ankunft am Einsatzort konnten die Kr\u00e4fte jedoch schnell Entwarnung geben. Es handelte sich lediglich um einen Kleinbrand, bei dem offenbar ein Lampenschirm Feuer gefangen hatte. Da die Situation rasch unter Kontrolle gebracht werden konnte, war der Einsatz bereits nach wenigen Minuten beendet. Die Feuerwehrleute kehrten wieder in ihre H\u00e4user zur\u00fcck. Gl\u00fccklicherweise blieb bei dem Vorfall niemand verletzt. <\/p>\n","protected":false},"excerpt":{"rendered":"ANSFELDEN. Am sp\u00e4ten Mittwochabend r\u00fcckten vier Feuerwehren zu einem Brand in einem Mehrparteienwohnhaus aus. Gl\u00fccklicherweise handelte es sich&hellip;\n","protected":false},"author":2,"featured_media":264410,"comment_status":"","ping_status":"","sticky":false,"template":"","format":"standard","meta":{"footnotes":"","_share_on_mastodon":"0"},"categories":[30],"tags":[20369,12493,46,42,16267,3103,2650,16667,3104,71894,71895,184,20167,44],"class_list":["post-264409","post","type-post","status-publish","format-standard","has-post-thumbnail","category-linz","tag-alarmierung","tag-ansfelden","tag-at","tag-austria","tag-bezirk-linz-land","tag-brand","tag-einsatz","tag-einsatzkraefte","tag-feuerwehr","tag-kleinbrand","tag-lampenschirm","tag-linz","tag-mehrparteienhaus","tag-oesterreich"],"share_on_mastodon":{"url":"https:\/\/pubeurope.com\/@at\/116889519767988392","error":""},"_links":{"self":[{"href":"https:\/\/www.europesays.com\/at\/wp-json\/wp\/v2\/posts\/264409","targetHints":{"allow":["GET"]}}],"collection":[{"href":"https:\/\/www.europesays.com\/at\/wp-json\/wp\/v2\/posts"}],"about":[{"href":"https:\/\/www.europesays.com\/at\/wp-json\/wp\/v2\/types\/post"}],"author":[{"embeddable":true,"href":"https:\/\/www.europesays.com\/at\/wp-json\/wp\/v2\/users\/2"}],"replies":[{"embeddable":true,"href":"https:\/\/www.europesays.com\/at\/wp-json\/wp\/v2\/comments?post=264409"}],"version-history":[{"count":0,"href":"https:\/\/www.europesays.com\/at\/wp-json\/wp\/v2\/posts\/264409\/revisions"}],"wp:featuredmedia":[{"embeddable":true,"href":"https:\/\/www.europesays.com\/at\/wp-json\/wp\/v2\/media\/264410"}],"wp:attachment":[{"href":"https:\/\/www.europesays.com\/at\/wp-json\/wp\/v2\/media?parent=264409"}],"wp:term":[{"taxonomy":"category","embeddable":true,"href":"https:\/\/www.europesays.com\/at\/wp-json\/wp\/v2\/categories?post=264409"},{"taxonomy":"post_tag","embeddable":true,"href":"https:\/\/www.europesays.com\/at\/wp-json\/wp\/v2\/tags?post=264409"}],"curies":[{"name":"wp","href":"https:\/\/api.w.org\/{rel}","templated":true}]}}