{"id":264702,"date":"2026-07-09T13:33:13","date_gmt":"2026-07-09T13:33:13","guid":{"rendered":"https:\/\/www.europesays.com\/at\/264702\/"},"modified":"2026-07-09T13:33:13","modified_gmt":"2026-07-09T13:33:13","slug":"holzbau-in-oesterreich-12-640-festmeter-holz-wie-wiehag-in-linz-oesterreichs-wohl-groesstes-holz-hybrid-buero-baut","status":"publish","type":"post","link":"https:\/\/www.europesays.com\/at\/264702\/","title":{"rendered":"Holzbau in \u00d6sterreich: 12.640 Festmeter Holz: Wie WIEHAG in Linz \u00d6sterreichs wohl gr\u00f6\u00dftes Holz-Hybrid-B\u00fcro baut"},"content":{"rendered":"<p>Wer heute auf die Baustelle im Linzer Neustadtviertel blickt, sieht von einem Holzgeb\u00e4ude noch nichts. Zwischen Goethestra\u00dfe und Blumauerstra\u00dfe, wo bis vor Kurzem ein ehemaliges M\u00f6belhaus stand, laufen Spezialtiefbau und Bohrarbeiten. Bevor auch nur ein Balken aus Brettschichtholz gesetzt wird, geht es in die Tiefe: F\u00fcr die Geothermie werden 87 Erdw\u00e4rmesonden bis zu 150 Meter weit in den Untergrund getrieben, dazu entstehen die Baugrube und vier Tiefgaragengeschosse. Das pr\u00e4gende Material dieses Projekts ist Holz,, doch die erste entscheidende Baustelle liegt unter der Erde.<\/p>\n<p>Die neue Konzernzentrale der Raiffeisenlandesbank Ober\u00f6sterreich (RLB O\u00d6) soll ganzj\u00e4hrig ohne fossile Energie beheizt und gek\u00fchlt werden, und das Fundament des Energiekonzepts entsteht, bevor der eigentliche Holzbau beginnt. Erst danach, ab Ende 2027 oder Anfang 2028, wird die Holzstruktur montiert, die dem Geb\u00e4ude seinen Namen als Vorzeigeprojekt gibt.<\/p>\n<p>Nie mehr die wichtigsten News aus \u00d6sterreichs Bauwirtschaft verpassen? Abonnieren Sie unseren Newsletter <a href=\"https:\/\/industriemedien.at\/shop\/solid-newsletter\/?__hstc=229803331.8ef3b2c4050fafd3c51f9f00748db9db.1781689473519.1783497943667.1783600725687.58&amp;__hssc=229803331.1.1783600725687&amp;__hsfp=5defc2f9035c0826730fc1a43649075d\" rel=\"nofollow noopener\" target=\"_blank\">Hier geht\u2019s zur Anmeldung!<\/a><\/p>\n","protected":false},"excerpt":{"rendered":"Wer heute auf die Baustelle im Linzer Neustadtviertel blickt, sieht von einem Holzgeb\u00e4ude noch nichts. Zwischen Goethestra\u00dfe und&hellip;\n","protected":false},"author":2,"featured_media":264703,"comment_status":"","ping_status":"","sticky":false,"template":"","format":"standard","meta":{"footnotes":"","_share_on_mastodon":"0"},"categories":[30],"tags":[46,42,12480,6300,12477,12476,6546,12485,12478,5700,12484,184,12483,44,12482,12479,12481],"class_list":["post-264702","post","type-post","status-publish","format-standard","has-post-thumbnail","category-linz","tag-at","tag-austria","tag-baurecht","tag-baustoffe","tag-bautechnik","tag-bauwirtschaft","tag-bim","tag-fassaden","tag-hochbau","tag-immobilien","tag-leichtbau","tag-linz","tag-massivbau","tag-oesterreich","tag-schalung","tag-tiefbau","tag-vergaberecht"],"share_on_mastodon":{"url":"https:\/\/pubeurope.com\/@at\/116890278895346378","error":""},"_links":{"self":[{"href":"https:\/\/www.europesays.com\/at\/wp-json\/wp\/v2\/posts\/264702","targetHints":{"allow":["GET"]}}],"collection":[{"href":"https:\/\/www.europesays.com\/at\/wp-json\/wp\/v2\/posts"}],"about":[{"href":"https:\/\/www.europesays.com\/at\/wp-json\/wp\/v2\/types\/post"}],"author":[{"embeddable":true,"href":"https:\/\/www.europesays.com\/at\/wp-json\/wp\/v2\/users\/2"}],"replies":[{"embeddable":true,"href":"https:\/\/www.europesays.com\/at\/wp-json\/wp\/v2\/comments?post=264702"}],"version-history":[{"count":0,"href":"https:\/\/www.europesays.com\/at\/wp-json\/wp\/v2\/posts\/264702\/revisions"}],"wp:featuredmedia":[{"embeddable":true,"href":"https:\/\/www.europesays.com\/at\/wp-json\/wp\/v2\/media\/264703"}],"wp:attachment":[{"href":"https:\/\/www.europesays.com\/at\/wp-json\/wp\/v2\/media?parent=264702"}],"wp:term":[{"taxonomy":"category","embeddable":true,"href":"https:\/\/www.europesays.com\/at\/wp-json\/wp\/v2\/categories?post=264702"},{"taxonomy":"post_tag","embeddable":true,"href":"https:\/\/www.europesays.com\/at\/wp-json\/wp\/v2\/tags?post=264702"}],"curies":[{"name":"wp","href":"https:\/\/api.w.org\/{rel}","templated":true}]}}