{"id":264736,"date":"2026-07-09T13:51:19","date_gmt":"2026-07-09T13:51:19","guid":{"rendered":"https:\/\/www.europesays.com\/at\/264736\/"},"modified":"2026-07-09T13:51:19","modified_gmt":"2026-07-09T13:51:19","slug":"sn-salzburg-tormann-schlager-vor-wechsel-zu-werder-bremen","status":"publish","type":"post","link":"https:\/\/www.europesays.com\/at\/264736\/","title":{"rendered":"\u201eSN\u201c: Salzburg-Tormann Schlager vor Wechsel zu Werder Bremen"},"content":{"rendered":"<p>Neues Ger\u00fccht\u00a0<\/p>\n<p>                                    <img decoding=\"async\" src=\"https:\/\/www.europesays.com\/at\/wp-content\/uploads\/2026\/07\/alexander-schlager-salzburg-2023-1691057035-113108.jpg\" title=\"\u201eSN\u201c: Salzburg-Tormann Schlager vor Wechsel zu Werder Bremen\" alt=\"\u201eSN\u201c: Salzburg-Tormann Schlager vor Wechsel zu Werder Bremen\"\/><\/p>\n<p>\n                                       \u00a9IMAGO\n                                    <\/p>\n<p>Die Tage von Teamgoalie <a title=\"Alexander Schlager\" href=\"https:\/\/www.transfermarkt.at\/alexander-schlager\/profil\/spieler\/186374\" target=\"_blank\" rel=\"nofollow noopener\">Alexander Schlager<\/a> bei <a title=\"FC Red Bull Salzburg\" href=\"https:\/\/www.transfermarkt.at\/fc-red-bull-salzburg\/startseite\/verein\/409\" target=\"_blank\" rel=\"nofollow noopener\">Red Bull Salzburg<\/a> d\u00fcrften gez\u00e4hlt sein: Laut den \u201e<a href=\"https:\/\/www.sn.at\/sport\/fussball\/red-bull-salzburg\/nach-ueberragender-wm-tormann-von-red-bull-salzburg-kurz-vor-wechsel-in-die-deutsche-bundesliga-art-661340\" rel=\"nofollow noopener\" target=\"_blank\">Salzburger Nachrichten<\/a>\u201c steht der 30-J\u00e4hrige vor einem Wechsel zum deutschen Bundesligisten <a title=\"SV Werder Bremen\" href=\"https:\/\/www.transfermarkt.at\/sv-werder-bremen\/startseite\/verein\/86\" target=\"_blank\" rel=\"nofollow noopener\">Werder Bremen<\/a>. Der \u00d6FB-Stammtorwart, der alle vier WM-Spiele absolvierte, steht in Salzburg noch bis 2027 unter Vertrag und k\u00f6nnte demnach noch eine kleine Abl\u00f6se einbringen.<\/p>\n<p>\n    <a class=\"bbcodesLink\" href=\"https:\/\/www.transfermarkt.at\/a-schlager-zu-sv-werder-bremen-\/thread\/forum\/154\/thread_id\/1199106\" rel=\"nofollow noopener\" target=\"_blank\"><\/p>\n<p>                        Ger\u00fccht<\/p>\n<p>                        <img decoding=\"async\" src=\"https:\/\/www.europesays.com\/at\/wp-content\/uploads\/2026\/07\/186374-1754994062.png\" title=\"Alexander Schlager\" alt=\"Alexander Schlager\" class=\"\"\/>                    <\/p>\n<p>                        <a title=\"Alexander Schlager\" href=\"https:\/\/www.transfermarkt.at\/alexander-schlager\/profil\/spieler\/186374\" rel=\"nofollow noopener\" target=\"_blank\">A. Schlager<\/a>                    <\/p>\n<p>                        <img decoding=\"async\" src=\"https:\/\/www.europesays.com\/at\/wp-content\/uploads\/2026\/07\/409.png\" title=\"FC Red Bull Salzburg\" alt=\"FC Red Bull Salzburg\" class=\"\"\/>                    <\/p>\n<p>                        Torwart                    <\/p>\n<p>                                    RB Salzburg                                <\/p>\n<p>                                    <img decoding=\"async\" src=\"https:\/\/www.europesays.com\/at\/wp-content\/uploads\/2026\/07\/409.png\" title=\"FC Red Bull Salzburg\" alt=\"FC Red Bull Salzburg\" class=\"\"\/>                                <\/p>\n<p>\u00a0<\/p>\n<p>                                        59                                        %<\/p>\n<p>                                    <img decoding=\"async\" src=\"https:\/\/www.europesays.com\/at\/wp-content\/uploads\/2026\/05\/86.png\" title=\"SV Werder Bremen\" alt=\"SV Werder Bremen\" class=\"\"\/>                                <\/p>\n<p>                                    Werder Bremen                                <\/p>\n<p>                                    Bundesliga                                <\/p>\n<p>                                    Bundesliga                                <\/p>\n<p>    <\/a>\n<\/p>\n<p>Bei den Norddeutschen m\u00fcsste sich Schlager gegen den Esten <a title=\"Karl Hein\" href=\"https:\/\/www.transfermarkt.at\/karl-hein\/profil\/spieler\/493513\" target=\"_blank\" rel=\"nofollow noopener\">Karl Hein<\/a> durchsetzen, den die Bremer nach Leihe vom FC Arsenal losgeeist hatten. Zuletzt war Schlager auch mit einem Wechsel nach Saudi-Arabien in Verbindung gebracht worden.<\/p>\n<p><img loading=\"lazy\" decoding=\"async\" src=\"https:\/\/www.europesays.com\/at\/wp-content\/uploads\/2026\/07\/schlager-1783603098-201949.png\" alt=\"\" width=\"503\" height=\"629\"\/><\/p>\n<p><\/p>\n<p>\n                                Hinweis:<br \/>\n                                Wenn du etwas googelst, bekommst du neben den normalen Ergebnissen auch eine Box mit aktuellen News angezeigt. Wenn du Transfermarkt als bevorzugte Quelle hinterlegst, tauchen unsere Inhalte dort h\u00e4ufiger f\u00fcr dich auf.<br \/>\n                                <a href=\"https:\/\/www.google.com\/preferences\/source?q=transfermarkt.at\" target=\"_blank\" rel=\"noopener noreferrer nofollow\" onclick=\"tmEvent(&#039;news&#039;,&#039;click&#039;,&#039;google-preferences&#039;);&#010;\"><br \/>\n                                    F\u00fcge Transfermarkt hier als bevorzugte Quelle hinzu.                                <\/a>\n                            <\/p>\n","protected":false},"excerpt":{"rendered":"Neues Ger\u00fccht\u00a0 \u00a9IMAGO Die Tage von Teamgoalie Alexander Schlager bei Red Bull Salzburg d\u00fcrften gez\u00e4hlt sein: Laut den&hellip;\n","protected":false},"author":2,"featured_media":264737,"comment_status":"","ping_status":"","sticky":false,"template":"","format":"standard","meta":{"footnotes":"","_share_on_mastodon":"0"},"categories":[31],"tags":[7640,46,42,676,1061,44,192,3994],"class_list":["post-264736","post","type-post","status-publish","format-standard","has-post-thumbnail","category-salzburg","tag-alexander-schlager","tag-at","tag-austria","tag-bundesliga","tag-fc-red-bull-salzburg","tag-oesterreich","tag-salzburg","tag-sv-werder-bremen"],"share_on_mastodon":{"url":"https:\/\/pubeurope.com\/@at\/116890349468386143","error":""},"_links":{"self":[{"href":"https:\/\/www.europesays.com\/at\/wp-json\/wp\/v2\/posts\/264736","targetHints":{"allow":["GET"]}}],"collection":[{"href":"https:\/\/www.europesays.com\/at\/wp-json\/wp\/v2\/posts"}],"about":[{"href":"https:\/\/www.europesays.com\/at\/wp-json\/wp\/v2\/types\/post"}],"author":[{"embeddable":true,"href":"https:\/\/www.europesays.com\/at\/wp-json\/wp\/v2\/users\/2"}],"replies":[{"embeddable":true,"href":"https:\/\/www.europesays.com\/at\/wp-json\/wp\/v2\/comments?post=264736"}],"version-history":[{"count":0,"href":"https:\/\/www.europesays.com\/at\/wp-json\/wp\/v2\/posts\/264736\/revisions"}],"wp:featuredmedia":[{"embeddable":true,"href":"https:\/\/www.europesays.com\/at\/wp-json\/wp\/v2\/media\/264737"}],"wp:attachment":[{"href":"https:\/\/www.europesays.com\/at\/wp-json\/wp\/v2\/media?parent=264736"}],"wp:term":[{"taxonomy":"category","embeddable":true,"href":"https:\/\/www.europesays.com\/at\/wp-json\/wp\/v2\/categories?post=264736"},{"taxonomy":"post_tag","embeddable":true,"href":"https:\/\/www.europesays.com\/at\/wp-json\/wp\/v2\/tags?post=264736"}],"curies":[{"name":"wp","href":"https:\/\/api.w.org\/{rel}","templated":true}]}}