{"id":265071,"date":"2026-07-09T17:22:11","date_gmt":"2026-07-09T17:22:11","guid":{"rendered":"https:\/\/www.europesays.com\/at\/265071\/"},"modified":"2026-07-09T17:22:11","modified_gmt":"2026-07-09T17:22:11","slug":"oefb-torhueter-alex-schlager-vor-wechsel-in-die-deutsche-bundesliga","status":"publish","type":"post","link":"https:\/\/www.europesays.com\/at\/265071\/","title":{"rendered":"\u00d6FB-Torh\u00fcter Alex Schlager vor Wechsel in die deutsche Bundesliga"},"content":{"rendered":"<p>\u00d6FB-Teamtorh\u00fcter <a href=\"https:\/\/www.laola1.at\/de\/daten\/news\/fussball\/alexander-schlager\/\" class=\"tag\" rel=\"nofollow noopener\" target=\"_blank\">Alexander Schlager<\/a> steht vor einem Wechsel zum <a href=\"https:\/\/www.laola1.at\/de\/daten\/news\/fussball\/sv-werder-bremen\/\" class=\"tag\" rel=\"nofollow noopener\" target=\"_blank\">SV Werder Bremen<\/a>. Das berichten die &#8222;<a target=\"_blank\" rel=\"noopener noreferrer nofollow\" href=\"https:\/\/www.sn.at\/sport\/fussball\/red-bull-salzburg\/nach-ueberragender-wm-tormann-von-red-bull-salzburg-kurz-vor-wechsel-in-die-deutsche-bundesliga-art-661340\">Salzburger Nachrichten<\/a>&#8222;.<\/p>\n<p>Der 30-j\u00e4hrige Keeper des <a href=\"https:\/\/www.laola1.at\/de\/daten\/news\/fussball\/fc-red-bull-salzburg\/\" class=\"tag\" rel=\"nofollow noopener\" target=\"_blank\">FC Red Bull Salzburg<\/a> machte bei der Weltmeisterschaft mit guten Leistungen auf sich aufmerksam.<\/p>\n<p>Laut den &#8222;SN&#8220; bekundeten zuletzt Teams aus <a target=\"_blank\" rel=\"noopener noreferrer nofollow\" href=\"https:\/\/www.laola1.at\/de\/red\/fussball\/bundesliga\/news\/nach-starker-wm--zieht-es-alex-schlager-in-die-wueste-\/\">Saudi-Arabien<\/a>, Belgien, Zypern und Deutschland Interesse an der Verpflichtung des geb\u00fcrtigen Salzburgers.<\/p>\n<p>Trainingslager im Zillertal<\/p>\n<p>Nun soll es bereits eine grunds\u00e4tzliche Einigung mit Werder Bremen, dem Klub der \u00d6FB-Legion\u00e4re <a href=\"https:\/\/www.laola1.at\/de\/daten\/news\/fussball\/marco-friedl\/\" class=\"tag\" rel=\"nofollow noopener\" target=\"_blank\">Marco Friedl<\/a>, <a href=\"https:\/\/www.laola1.at\/de\/daten\/news\/fussball\/romano-schmid\/\" class=\"tag\" rel=\"nofollow noopener\" target=\"_blank\">Romano Schmid<\/a> und <a href=\"https:\/\/www.laola1.at\/de\/daten\/news\/marco-gruell\/\" class=\"tag\" rel=\"nofollow noopener\" target=\"_blank\">Marco Gr\u00fcll<\/a>, geben. Der Medizincheck stehe noch aus.<\/p>\n<p>Schlager k\u00f6nnte bereits beim ersten Werder-Training am Sonntag dabei sein. Von 20. bis 26. Juli bereiten sich die Norddeutschen im Trainingslager in Zell am Ziller auf die neue Saison vor.<\/p>\n<p>Schlager blieb ohne Titel<\/p>\n<p>In Bremen ist das Einserleiberl nach dem Abgang von Mio Backhaus zum <a href=\"https:\/\/www.laola1.at\/de\/daten\/news\/fussball\/sc-freiburg\/\" class=\"tag\" rel=\"nofollow noopener\" target=\"_blank\">SC Freiburg<\/a> aktuell nicht vergeben. Mit dem bei Arsenal ausgebildeten Esten Karl Hein haben die Bremer allerdings bereits einen ambitionierten Torh\u00fcter in den eigenen Reihen.<\/p>\n<p>Schlager wechselte im Jahr 2023 vom <a href=\"https:\/\/www.laola1.at\/de\/daten\/news\/fussball\/lask\/\" class=\"tag\" rel=\"nofollow noopener\" target=\"_blank\">LASK<\/a> zum <a href=\"https:\/\/www.laola1.at\/de\/daten\/news\/fussball\/fc-red-bull-salzburg\/\" class=\"tag\" rel=\"nofollow noopener\" target=\"_blank\">FC Red Bull Salzburg<\/a>. In den letzten drei Jahren war er Stammkeeper, einen Titel konnte er jedoch nicht bejubeln. Sein Vertrag in der Mozartstadt l\u00e4uft n\u00e4chstes Jahr aus.<\/p>\n<p>Bei den &#8222;Bullen&#8220; k\u00f6nnte der junge Christian Zawieschitzky (19) die Schlager-Nachfolge im Tor antreten. Zugleich gibt es Ger\u00fcchte \u00fcber eine <a target=\"_blank\" rel=\"noopener noreferrer nofollow\" href=\"https:\/\/www.laola1.at\/de\/red\/fussball\/international\/deutschland\/sonstiges\/holt-salzburg-einen-torhueter-aus-deutschland-zurueck-\/\">R\u00fcckkehr von Thomas D\u00e4hne<\/a>.<\/p>\n","protected":false},"excerpt":{"rendered":"\u00d6FB-Teamtorh\u00fcter Alexander Schlager steht vor einem Wechsel zum SV Werder Bremen. Das berichten die &#8222;Salzburger Nachrichten&#8222;. Der 30-j\u00e4hrige&hellip;\n","protected":false},"author":2,"featured_media":265072,"comment_status":"","ping_status":"","sticky":false,"template":"","format":"standard","meta":{"footnotes":"","_share_on_mastodon":"0"},"categories":[31],"tags":[1069,7640,46,42,1879,1061,964,1880,1878,44,192,3994,1877],"class_list":["post-265071","post","type-post","status-publish","format-standard","has-post-thumbnail","category-salzburg","tag-admiral-bundesliga","tag-alexander-schlager","tag-at","tag-austria","tag-deutsche-bundesliga","tag-fc-red-bull-salzburg","tag-fussball","tag-fussball-international","tag-geruechtekueche","tag-oesterreich","tag-salzburg","tag-sv-werder-bremen","tag-transfermarkt"],"share_on_mastodon":{"url":"https:\/\/pubeurope.com\/@at\/116891179188646535","error":""},"_links":{"self":[{"href":"https:\/\/www.europesays.com\/at\/wp-json\/wp\/v2\/posts\/265071","targetHints":{"allow":["GET"]}}],"collection":[{"href":"https:\/\/www.europesays.com\/at\/wp-json\/wp\/v2\/posts"}],"about":[{"href":"https:\/\/www.europesays.com\/at\/wp-json\/wp\/v2\/types\/post"}],"author":[{"embeddable":true,"href":"https:\/\/www.europesays.com\/at\/wp-json\/wp\/v2\/users\/2"}],"replies":[{"embeddable":true,"href":"https:\/\/www.europesays.com\/at\/wp-json\/wp\/v2\/comments?post=265071"}],"version-history":[{"count":0,"href":"https:\/\/www.europesays.com\/at\/wp-json\/wp\/v2\/posts\/265071\/revisions"}],"wp:featuredmedia":[{"embeddable":true,"href":"https:\/\/www.europesays.com\/at\/wp-json\/wp\/v2\/media\/265072"}],"wp:attachment":[{"href":"https:\/\/www.europesays.com\/at\/wp-json\/wp\/v2\/media?parent=265071"}],"wp:term":[{"taxonomy":"category","embeddable":true,"href":"https:\/\/www.europesays.com\/at\/wp-json\/wp\/v2\/categories?post=265071"},{"taxonomy":"post_tag","embeddable":true,"href":"https:\/\/www.europesays.com\/at\/wp-json\/wp\/v2\/tags?post=265071"}],"curies":[{"name":"wp","href":"https:\/\/api.w.org\/{rel}","templated":true}]}}