{"id":265367,"date":"2026-07-09T20:53:10","date_gmt":"2026-07-09T20:53:10","guid":{"rendered":"https:\/\/www.europesays.com\/at\/265367\/"},"modified":"2026-07-09T20:53:10","modified_gmt":"2026-07-09T20:53:10","slug":"vw-mercedes-stellenabbau-trotz-milliarden-fuer-die-aktionaere","status":"publish","type":"post","link":"https:\/\/www.europesays.com\/at\/265367\/","title":{"rendered":"VW &#038; Mercedes: Stellenabbau trotz Milliarden f\u00fcr die Aktion\u00e4re"},"content":{"rendered":"<p style=\"font-size: 10px; text-align: center; margin-bottom: 25px; margin-top: -5px; padding-bottom: 0;\">Hier k\u00f6nnen Sie die AI-generierte Audioversion dieses Artikels anh\u00f6ren.<\/p>\n<p>Volkswagen geh\u00f6rt zu den profitabelsten Industriekonzernen Europas. Es wurden in den letzten Jahren Milliarden-Profite erzielt, von denen ein gro\u00dfer Teil in die Taschen der Aktion\u00e4re floss. Trotzdem sollen nun zehntausende Arbeitspl\u00e4tze gestrichen werden. Auch bei Mercedes will das Management, dass die Besch\u00e4ftigten auf Lohn verzichten und l\u00e4nger arbeiten sollen. W\u00e4hrend ihr Chef in den letzten Jahren 50 Millionen Euro verdiente.<\/p>\n<p>VW verdiente in f\u00fcnf Jahren \u00fcber 68 Milliarden Euro<\/p>\n<p>Volkswagen ist einer der gr\u00f6\u00dften Automobilkonzerne der Welt. Neben der Marke VW geh\u00f6ren auch Audi, Porsche, \u0160koda, Bentley oder Lamborghini dazu. Allein in den vergangenen f\u00fcnf Jahren (2021-2025) erzielte der Autobauer nach Steuern Gewinne von <a href=\"https:\/\/annualreport2025.volkswagen-group.com\/additional-information\/five-year-review.html\" target=\"_blank\" rel=\"nofollow noopener\">rund 68 Milliarden Euro<\/a>.\u00a0 Obwohl der Gewinn zuletzt stark zur\u00fcckging, schrieb der Konzern auch 2025 schwarze Zahlen. Nach Steuern blieb ein Gewinn von <a href=\"https:\/\/annualreport2025.volkswagen-group.com\/group-management-report\/results-of-operations-financial-position-and-net-assets\/results-of-operations.html\" target=\"_blank\" rel=\"nofollow noopener\">6,9 Milliarden Euro<\/a>.<br \/>Parallel dazu sch\u00fcttete der Konzern hohe Dividenden aus. F\u00fcr die Gesch\u00e4ftsjahre 2021 bis 2025 flossen laut Jahresbericht insgesamt rund 28,1 Milliarden Euro an die Aktion\u00e4r:innen. Allein f\u00fcr das Gesch\u00e4ftsjahr 2025 schl\u00e4gt der Vorstand eine Aussch\u00fcttung von rund 2,6 Milliarden Euro vor.<\/p>\n<p>Dividenden flie\u00dfen an Porsche und Pi\u00ebch, eine der reichsten Familien<\/p>\n<p>Der <a href=\"https:\/\/www.porsche-se.com\/en\/investments\" target=\"_blank\" rel=\"nofollow noopener\">gr\u00f6\u00dfte Aktion\u00e4r<\/a> ist die Porsche Automobil Holding SE. Dahinter stehen die Unternehmerfamilien Porsche und Pi\u00ebch, die den Volkswagen-Konzern kontrollieren. Sie z\u00e4hlen mit einem gesch\u00e4tzten Verm\u00f6gen von <a href=\"https:\/\/kontrast.at\/reichste-menschen-oesterreich\/#2_Die_Familien_Porsche_Piech\" rel=\"nofollow noopener\" target=\"_blank\">33,5 Milliarden Euro<\/a> zu einer der reichsten Unternehmerdynastien im deutschsprachigen Raum. Neben dem Land Niedersachsen h\u00e4lt auch die staatliche Qatar Holding Aktien an dem Konzern. Somit profitierte auch der Staatsfonds des Emirats Katar regelm\u00e4\u00dfig von den Aussch\u00fcttungen.<\/p>\n<p><a href=\"https:\/\/kontrast.at\/wp-content\/uploads\/2023\/11\/porsche-piech-starpix-picturedesk.jpg\" rel=\"nofollow noopener\" target=\"_blank\"><img loading=\"lazy\" decoding=\"async\" class=\"wp-image-73305 size-large\" src=\"https:\/\/www.europesays.com\/at\/wp-content\/uploads\/2026\/07\/porsche-piech-starpix-picturedesk-1024x747.jpg\" alt=\"VW Stellenabbau und Gewinne, Porsche Piech bekamen Dividenden.\" width=\"1024\" height=\"747\"  \/><\/a>Hans Michel Pi\u00ebch (links) und sein Cousin Wolfgang Porsche geh\u00f6ren zu einer der reichsten Industriellen-Dynastien. (Foto: Starpix Picturedesk)<br \/>\nVW will bis zu 50.000 Jobs streichen \u2013 laut Medien sogar doppelt so viele<\/p>\n<p>W\u00e4hrend Aktion\u00e4r:innen Dividenden erhalten, versch\u00e4rft Volkswagen seinen Sparkurs. Offiziell k\u00fcndigte Konzernchef Oliver Blume an, dass bis 2030 rund <a href=\"https:\/\/orf.at\/stories\/3423364\/\" target=\"_blank\" rel=\"nofollow noopener\">50.000 Stellen im Volkswagen-Konzern<\/a> in Deutschland wegfallen sollen. Allein bei der Kernmarke Volkswagen sollen 35.000 Arbeitspl\u00e4tze abgebaut werden. Weitere Stellen entfallen bei Audi und Porsche.<br \/>Doch dabei k\u00f6nnte es nicht bleiben. <a href=\"https:\/\/www.tagesschau.de\/wirtschaft\/unternehmen\/vw-stellenabbau-106.html\" target=\"_blank\" rel=\"nofollow noopener\">Das manager magazin<\/a> berichtete zuletzt unter Berufung auf Konzernkreise, Volkswagen k\u00f6nnte bis zu 100.000 Jobs streichen.\u00a0 Der Konzern hat diese Zahl bisher nicht best\u00e4tigt. Zu m\u00f6glichen Gr\u00fcnden schreibt <a href=\"https:\/\/www.sueddeutsche.de\/wirtschaft\/vw-stellenabbau-100-000-arbeitsplaetze-streichung-li.3505704?reduced=true\" target=\"_blank\" rel=\"nofollow noopener\">die S\u00fcddeutsche Zeitung<\/a> unter Berufung auf einen Insider:<\/p>\n<p>\u201eBlume werde von den Eigent\u00fcmerfamilien Porsche und Pi\u00ebch unter Druck gesetzt, h\u00e4rter zu sparen als geplant und den Aktienkurs nach oben zu treiben.\u201c<\/p>\n<p>Bei den Besch\u00e4ftigten st\u00f6\u00dft der Sparkurs auf massiven Widerstand. Die Erste Vorsitzende der IG Metall, Christiane Benner, und die Vorsitzende des Gesamt- und Konzernbetriebsrats, Daniela Cavallo, <a href=\"https:\/\/www.sueddeutsche.de\/wirtschaft\/vw-stellenabbau-100-000-arbeitsplaetze-streichung-li.3505704?reduced=true\" target=\"_blank\" rel=\"nofollow noopener\">erkl\u00e4rten<\/a>:<\/p>\n<p>\u201eAngriffe auf das VW-Gesetz, die Mitbestimmung und unsere Standorte sind unverantwortliche Drohungen. Sollten solche Pl\u00e4ne vorangetrieben werden, w\u00fcrden wir sie mit aller Macht verhindern.\u201c<\/p>\n<p>Mercedes verschiebt Sonderzahlungen und will l\u00e4ngere Arbeitszeiten<\/p>\n<p>Nicht nur Volkswagen versch\u00e4rft den Sparkurs. Auch die Mercedes-Benz k\u00fcrzt bei den Besch\u00e4ftigten. Und das, obwohl auch dieser Auto-Konzern in den letzten Jahren Milliardengewinne verbucht hat. Das Management begr\u00fcndet die Ma\u00dfnahmen mit sinkenden Gewinnen, Kostendruck und dem Umbau des Unternehmens. So soll die <a href=\"https:\/\/www.manager-magazin.de\/unternehmen\/mobilitaet\/mercedes-benz-tausende-demonstrieren-gegen-sparkurs-a-a1f4d7d9-a909-4860-b955-c902dd46db6b\" target=\"_blank\" rel=\"nofollow noopener\">Sonderzahlung f\u00fcr etwa 90.000 Besch\u00e4ftigte<\/a> um ein Jahr verschoben werden. Sie h\u00e4tte im Juli in H\u00f6he von 18,4 Prozent des Monatsgehalts ausgemacht.<\/p>\n<p>Gleichzeitig will der Konzern f\u00fcr seine Mitarbeiter:innen l\u00e4ngere Arbeitszeiten ohne Lohnausgleich. Derzeit gilt f\u00fcr viele Besch\u00e4ftigte die tarifliche 35-Stunden-Woche.<br \/>Mehrere tausend Besch\u00e4ftigte protestierten deshalb zuletzt gegen den Sparkurs. <a href=\"https:\/\/www.manager-magazin.de\/unternehmen\/mobilitaet\/mercedes-benz-tausende-demonstrieren-gegen-sparkurs-a-a1f4d7d9-a909-4860-b955-c902dd46db6b\" target=\"_blank\" rel=\"nofollow noopener\">Die Gewerkschaft stellt sich auf lange Proteste ein<\/a>: \u201eDie IG Metall und die Besch\u00e4ftigten der Hersteller und Zulieferer werden den Unternehmenslenkern der Autoindustrie einen hei\u00dfen Sommer und Herbst bescheren, solange sie weiter auf Arbeitsplatzabbau und Verlagerung setzen, statt echte Probleml\u00f6sungen zu suchen.\u201c Denn die Besch\u00e4ftigten seien nicht schuld an der Misere.<\/p>\n<p>50 Millionen Euro f\u00fcr den Mercedes-Chef<\/p>\n<p>W\u00e4hrend die Besch\u00e4ftigten auf Geld verzichten und m\u00f6glicherweise l\u00e4nger arbeiten sollen, geh\u00f6rt Mercedes-Chef Ola K\u00e4llenius weiterhin zu den bestbezahlten Managern Deutschlands. Nach den offiziellen Verg\u00fctungsberichten erhielt K\u00e4llenius seit 2019 jedes Jahr zwischen <a href=\"https:\/\/group.mercedes-benz.com\/dokumente\/investoren\/berichte\/geschaeftsberichte\/daimler\/daimler-ir-geschaeftsbericht-2020-inkl-zusammengefasster-lagebericht-daimler-ag.pdf\" target=\"_blank\" rel=\"nofollow noopener\">3,6 Mio. Euro<\/a>\u00a0 und 12,2 Mio. Euro. Sein Einkommen sank zwar zuletzt wieder auf 8,2 Mio. Euro, weil Mercedes geringere Gewinne erzielte. Dennoch erhielt K\u00e4llenius innerhalb von sieben Jahren insgesamt rund <a href=\".%20https:\/\/group.mercedes-benz.com\/dokumente\/investoren\/berichte\/geschaeftsberichte\/mercedes-benz\/mercedes-benz-verguetungsbericht-2025.pdf\" target=\"_blank\" rel=\"nofollow\">50,9 Millionen Euro<\/a>.<\/p>\n<p>F\u00fcr diese Summe m\u00fcsste eine VW-Fabriksarbeiterin etwa 1.000 Jahre lang arbeiten.<\/p>\n<p><a href=\"https:\/\/kontrast.at\/autohersteller-oelindustrie-luegen-ueber-e-autos\/\" rel=\"nofollow noopener\" target=\"_blank\">Elektroautos ausgebremst: Autohersteller und \u00d6lindustrie haben jahrzehntelang falsche Geschichten \u00fcber E-Autos verbreitet<\/a><\/p>\n<p>Poste unterhalb dieses Artikels weitere Informationen zum Thema. Brauchbare Inhalte mit Quellenangabe k\u00f6nnen uns helfen, den Text qualitativ zu erweitern. Du kannst uns deine Kritik und Erg\u00e4nzungen auch gern via <a href=\"https:\/\/kontrast.at\/vw-mercedes-stellenabbau-gewinne\/mailto:redaktion@kontrast.at\" rel=\"nofollow noopener\" target=\"_blank\">Mail schicken<\/a>.<\/p>\n<p>Was sind deiner Meinung nach haupts\u00e4chlich die Ursachen f\u00fcr die Inflation in Europa?<\/p>\n<p>(maximal 5 Antwortm\u00f6glichkeiten)<\/p>\n<p>Einige Konzerne haben die Krise genutzt, um Gewinne zu steigern 17%, 1055 Stimmen<\/p>\n<p> 1055 Stimmen 17% <\/p>\n<p>1055 Stimmen &#8211; 17% aller Stimmen<\/p>\n<p>Die Kriegs-Politik von US-Pr\u00e4sident Trump 16%, 990 Stimmen<\/p>\n<p> 990 Stimmen 16% <\/p>\n<p>990 Stimmen &#8211; 16% aller Stimmen<\/p>\n<p>Russlands Angriffskrieg gegen die Ukraine 14%, 871 Stimme<\/p>\n<p> 871 Stimme 14% <\/p>\n<p>871 Stimme &#8211; 14% aller Stimmen<\/p>\n<p>Die Handelspolitik der USA unter Trump 14%, 866 Stimmen<\/p>\n<p> 866 Stimmen 14% <\/p>\n<p>866 Stimmen &#8211; 14% aller Stimmen<\/p>\n<p>Die europ\u00e4ische Politik 9%, 538 Stimmen<\/p>\n<p> 538 Stimmen 9% <\/p>\n<p>538 Stimmen &#8211; 9% aller Stimmen<\/p>\n<p>Die Folgen der Corona-Krise 8%, 498 Stimmen<\/p>\n<p> 498 Stimmen 8% <\/p>\n<p>498 Stimmen &#8211; 8% aller Stimmen<\/p>\n<p>Die nationale Politik 8%, 487 Stimmen<\/p>\n<p> 487 Stimmen 8% <\/p>\n<p>487 Stimmen &#8211; 8% aller Stimmen<\/p>\n<p>Europas Sanktionen gegen Russland 7%, 464 Stimmen<\/p>\n<p> 464 Stimmen 7% <\/p>\n<p>464 Stimmen &#8211; 7% aller Stimmen<\/p>\n<p>Die Staaten drucken zu viel Geld bzw. geben zu viel Geld aus 5%, 330 Stimmen<\/p>\n<p> 330 Stimmen 5% <\/p>\n<p>330 Stimmen &#8211; 5% aller Stimmen<\/p>\n<p>Zu hohe internationale Z\u00f6lle 4%, 225 Stimmen<\/p>\n<p> 225 Stimmen 4% <\/p>\n<p>225 Stimmen &#8211; 4% aller Stimmen<\/p>\n<p>Stimmen insgesamt: 6324<\/p>\n<p>W\u00e4hler: 1725<\/p>\n<p> 13. Mai 2026 <\/p>\n<p>\u00d7<\/p>\n<p> Von deiner IP-Adresse wurde bereits abgestimmt. Abstimmen <\/p>\n","protected":false},"excerpt":{"rendered":"Hier k\u00f6nnen Sie die AI-generierte Audioversion dieses Artikels anh\u00f6ren. Volkswagen geh\u00f6rt zu den profitabelsten Industriekonzernen Europas. Es wurden&hellip;\n","protected":false},"author":2,"featured_media":265368,"comment_status":"","ping_status":"","sticky":false,"template":"","format":"standard","meta":{"footnotes":"","_share_on_mastodon":"0"},"categories":[14],"tags":[19865,50050,46,42,13687,95,90,89,257,5207,7122,72056,91,94,12467,44,3504,93,92,349],"class_list":["post-265367","post","type-post","status-publish","format-standard","has-post-thumbnail","category-unternehmen-maerkte","tag-aktionaere","tag-arbeitszeit","tag-at","tag-austria","tag-autoindustrie","tag-business","tag-companies","tag-companies-markets","tag-deutschland","tag-dividenden","tag-gewinne","tag-jobabbau","tag-markets","tag-maerkte","tag-mercedes","tag-oesterreich","tag-porsche","tag-unternehmen","tag-unternehmen-maerkte","tag-vw"],"share_on_mastodon":{"url":"https:\/\/pubeurope.com\/@at\/116892009358595061","error":""},"_links":{"self":[{"href":"https:\/\/www.europesays.com\/at\/wp-json\/wp\/v2\/posts\/265367","targetHints":{"allow":["GET"]}}],"collection":[{"href":"https:\/\/www.europesays.com\/at\/wp-json\/wp\/v2\/posts"}],"about":[{"href":"https:\/\/www.europesays.com\/at\/wp-json\/wp\/v2\/types\/post"}],"author":[{"embeddable":true,"href":"https:\/\/www.europesays.com\/at\/wp-json\/wp\/v2\/users\/2"}],"replies":[{"embeddable":true,"href":"https:\/\/www.europesays.com\/at\/wp-json\/wp\/v2\/comments?post=265367"}],"version-history":[{"count":0,"href":"https:\/\/www.europesays.com\/at\/wp-json\/wp\/v2\/posts\/265367\/revisions"}],"wp:featuredmedia":[{"embeddable":true,"href":"https:\/\/www.europesays.com\/at\/wp-json\/wp\/v2\/media\/265368"}],"wp:attachment":[{"href":"https:\/\/www.europesays.com\/at\/wp-json\/wp\/v2\/media?parent=265367"}],"wp:term":[{"taxonomy":"category","embeddable":true,"href":"https:\/\/www.europesays.com\/at\/wp-json\/wp\/v2\/categories?post=265367"},{"taxonomy":"post_tag","embeddable":true,"href":"https:\/\/www.europesays.com\/at\/wp-json\/wp\/v2\/tags?post=265367"}],"curies":[{"name":"wp","href":"https:\/\/api.w.org\/{rel}","templated":true}]}}