{"id":265635,"date":"2026-07-10T01:05:13","date_gmt":"2026-07-10T01:05:13","guid":{"rendered":"https:\/\/www.europesays.com\/at\/265635\/"},"modified":"2026-07-10T01:05:13","modified_gmt":"2026-07-10T01:05:13","slug":"duell-gegen-das-geburtsland-norwegens-haaland-zaehlt-auf-die-presse","status":"publish","type":"post","link":"https:\/\/www.europesays.com\/at\/265635\/","title":{"rendered":"Duell gegen das Geburtsland: Norwegens Haaland z\u00e4hlt auf die Presse"},"content":{"rendered":"<p> <img decoding=\"async\" src=\"https:\/\/www.europesays.com\/at\/wp-content\/uploads\/2026\/07\/ecaf38e19caf0112e34f9910e318543545738617.jpg\" alt=\"\"\/> <\/p>\n<p>Vor dem besonderen Duell gegen sein Geburtsland hat Norwegens Starst\u00fcrmer Erling Haaland bei der Fu\u00dfball-Weltmeisterschaft mit ersten Psychospielchen begonnen und z\u00e4hlt dabei auch auf die Mithilfe der Presse. &#8222;Ich denke, es gibt einige klare Favoriten &#8211; und England geh\u00f6rt dazu&#8220;, sagte der 25-j\u00e4hrige Torj\u00e4ger von Manchester City vor dem Viertelfinale gegen die Three Lions am Samstagabend (23 Uhr\/MESZ): &#8222;Ihr solltet den englischen Jungs ordentlich Druck machen.&#8220; Norwegen geht als klarer Au\u00dfenseiter ins Spiel.\u00a0<a href=\"https:\/\/ticker.ligaportal.at\/spielplan\/2294\/fussball-wm\" rel=\"nofollow noopener\" target=\"_blank\">Verfolge alle K.o-Runden-Spiele der WM im Ligaportal-LIVETICKER!<\/a><\/p>\n<p><img decoding=\"async\" src=\"https:\/\/www.europesays.com\/at\/wp-content\/uploads\/2026\/07\/4241a35e88c1106dbc3cc58865b07d35f3595429.jpg\" alt=\"Erling Haaland bei einem Pressetermin (Foto: AFP\/SID\/PATRICIA DE MELO MOREIRA)\"\/><\/p>\n<p>Erling Haaland bei einem Pressetermin<\/p>\n<p>Foto: AFP\/SID\/PATRICIA DE MELO MOREIRA<\/p>\n<p>Doch bei der ersten WM-Teilnahme seit 1998 liegt den Skandinaviern die Rolle des Underdogs. &#8222;Mit Norwegen im WM-Viertelfinale zu stehen, ist selbst f\u00fcr mich ziemlich \u00fcberraschend&#8220;, sagte Haaland: &#8222;Gegen Brasilien zu spielen, war f\u00fcr uns Norweger schon irgendwie verr\u00fcckt, gegen Brasilien zu gewinnen und dann im Viertelfinale der WM in den USA gegen England anzutreten \u2013 das ist schon etwas ganz Besonderes.&#8220;<\/p>\n<p>Auch f\u00fcr ihn pers\u00f6nlich sei es besonders, &#8222;weil ich in England spiele und dort geboren wurde \u2013 und man trifft auch auf Teamkollegen und so weiter. Es ist eine interessante Konstellation, es wird sicher ein sch\u00f6nes Spiel.&#8220; Haaland (25) kam in England zur Welt, da sein Vater Alf-Inge Haaland damals f\u00fcr Leeds United spielte.<\/p>\n<p>Bei seinem ersten gro\u00dfen internationalen Turnier gl\u00e4nzt Haaland f\u00fcr sein Land. Bislang erzielte er sieben Treffer in vier Spielen.<\/p>\n<p class=\"text-secondary\">\u00a9 2026 SID<\/p>\n","protected":false},"excerpt":{"rendered":"Vor dem besonderen Duell gegen sein Geburtsland hat Norwegens Starst\u00fcrmer Erling Haaland bei der Fu\u00dfball-Weltmeisterschaft mit ersten Psychospielchen&hellip;\n","protected":false},"author":2,"featured_media":265636,"comment_status":"","ping_status":"","sticky":false,"template":"","format":"standard","meta":{"footnotes":"","_share_on_mastodon":"0"},"categories":[18],"tags":[46,42,6379,31988,301,44,109,108,13130],"class_list":["post-265635","post","type-post","status-publish","format-standard","has-post-thumbnail","category-sport","tag-at","tag-austria","tag-england","tag-erling-haaland","tag-norwegen","tag-oesterreich","tag-sport","tag-sports","tag-viertelfinale"],"share_on_mastodon":{"url":"https:\/\/pubeurope.com\/@at\/116892999873284883","error":""},"_links":{"self":[{"href":"https:\/\/www.europesays.com\/at\/wp-json\/wp\/v2\/posts\/265635","targetHints":{"allow":["GET"]}}],"collection":[{"href":"https:\/\/www.europesays.com\/at\/wp-json\/wp\/v2\/posts"}],"about":[{"href":"https:\/\/www.europesays.com\/at\/wp-json\/wp\/v2\/types\/post"}],"author":[{"embeddable":true,"href":"https:\/\/www.europesays.com\/at\/wp-json\/wp\/v2\/users\/2"}],"replies":[{"embeddable":true,"href":"https:\/\/www.europesays.com\/at\/wp-json\/wp\/v2\/comments?post=265635"}],"version-history":[{"count":0,"href":"https:\/\/www.europesays.com\/at\/wp-json\/wp\/v2\/posts\/265635\/revisions"}],"wp:featuredmedia":[{"embeddable":true,"href":"https:\/\/www.europesays.com\/at\/wp-json\/wp\/v2\/media\/265636"}],"wp:attachment":[{"href":"https:\/\/www.europesays.com\/at\/wp-json\/wp\/v2\/media?parent=265635"}],"wp:term":[{"taxonomy":"category","embeddable":true,"href":"https:\/\/www.europesays.com\/at\/wp-json\/wp\/v2\/categories?post=265635"},{"taxonomy":"post_tag","embeddable":true,"href":"https:\/\/www.europesays.com\/at\/wp-json\/wp\/v2\/tags?post=265635"}],"curies":[{"name":"wp","href":"https:\/\/api.w.org\/{rel}","templated":true}]}}