{"id":266062,"date":"2026-07-10T07:02:10","date_gmt":"2026-07-10T07:02:10","guid":{"rendered":"https:\/\/www.europesays.com\/at\/266062\/"},"modified":"2026-07-10T07:02:10","modified_gmt":"2026-07-10T07:02:10","slug":"letzter-schultag-endlich-ferien-steirische-schueler-sind-bereit-kronen-zeitung","status":"publish","type":"post","link":"https:\/\/www.europesays.com\/at\/266062\/","title":{"rendered":"Letzter Schultag &#8211; Endlich Ferien: Steirische Sch\u00fcler sind bereit &#8211; Kronen Zeitung"},"content":{"rendered":"<p><a href=\"https:\/\/news.google.com\/rss\/articles\/CBMiQkFVX3lxTE8xNXM0cTZOa1ZWRkhuWkhwTFRIT05hOWRTOGNIU19xYVZ0NG1FXy1lcGdCVHBjN0tFem84NDVPU1Ftdw?oc=5\" target=\"_blank\" rel=\"nofollow noopener\">Letzter Schultag &#8211; Endlich Ferien: Steirische Sch\u00fcler sind bereit<\/a>&nbsp;&nbsp;Kronen Zeitung<a href=\"https:\/\/news.google.com\/rss\/articles\/CBMiU0FVX3lxTE9yb3U3WlVGem1LeG44d0RaTFZ3QlY0ZmV2azhtYVlCUTVuUGJYdEFha0xma25xZ09Nem9ZVVZ2dTViTUpkMFNCUzIzRmZKWmpqdUQ0?oc=5\" target=\"_blank\" rel=\"nofollow noopener\">Schulschluss: Der Stadtsenat w\u00fcnscht sch\u00f6ne Sommerferien<\/a>&nbsp;&nbsp;Stadt Graz<a href=\"https:\/\/news.google.com\/rss\/articles\/CBMiVEFVX3lxTE0xVFdhNVo5NjE2TUVJdnM2d2RIdXJYYlFtNHdLZk84VW5VR1F3SVBTU2tfTU5yOXlXdXJPajdfYUR5QmtCM0FIQmlyMlFwVFNMcml4eg?oc=5\" target=\"_blank\" rel=\"nofollow noopener\">Letzter Schultag mit durchwachsener Bilanz<\/a>&nbsp;&nbsp;steiermark.ORF.at<a href=\"https:\/\/news.google.com\/rss\/articles\/CBMiuAFBVV95cUxQa3dCeFl5UE5HZWh5eXFMR3ZjbThkdWoxT3B0cmtIU2M2MGZiTElzeDJwaFlwaUYwazVWT0wyRWttSnBHM2FSVlFTeU1FZVBCMG1UTS0tcV9sd1dXTm54S2oyd0xrVV9ndlpvb2JGeTRfVTltcjJZbEhYUlJCeWJWNmhKLUhRQVBydTN1b09OVEVheEhIZTNhTFpzS2prMUFrNDZ5ME02TFJEbnVnUlBYOHh1SXp3RHZi?oc=5\" target=\"_blank\" rel=\"nofollow noopener\">Jubel und Wehmut zum Zeugnistag und Ferienstart f\u00fcr 130.000 Sch\u00fcler<\/a>&nbsp;&nbsp;Kleine Zeitung<a href=\"https:\/\/news.google.com\/rss\/articles\/CBMitgFBVV95cUxPbmgtMGh6dVctc2JLTTlGMmNaUVIyNjlWRzZUSG1QN3pqenBpSFliU0haanlFQkNqaEpuSDllOXh0eEUyemVvZThhVTRWUWRWaDZxOWt0ejJQTWZJOEp2VTFpcG5lN0FKRk42RWpUcE0tdVp0WGRUdy1Db3hNOFphNmd6dHhvM3RNOHhMR1dvZkREVXU4Mnk4dnlqOUJQeWdXSnJRZ2ZBZ0ZuZzhpRmRrTml2WWtjdw?oc=5\" target=\"_blank\" rel=\"nofollow noopener\">Schulschluss in der Steiermark: Das kommt nach den Ferien auf viele zu<\/a>&nbsp;&nbsp;5 Minuten<\/p>\n","protected":false},"excerpt":{"rendered":"Letzter Schultag &#8211; Endlich Ferien: Steirische Sch\u00fcler sind bereit&nbsp;&nbsp;Kronen ZeitungSchulschluss: Der Stadtsenat w\u00fcnscht sch\u00f6ne Sommerferien&nbsp;&nbsp;Stadt GrazLetzter Schultag mit&hellip;\n","protected":false},"author":2,"featured_media":266063,"comment_status":"","ping_status":"","sticky":false,"template":"","format":"standard","meta":{"footnotes":"","_share_on_mastodon":"0"},"categories":[6],"tags":[46,42,72162,22702,52201,17549,72163,72164,24136,1012,7582,44,43,45,72165,72166],"class_list":["post-266062","post","type-post","status-publish","format-standard","has-post-thumbnail","category-oesterreich","tag-at","tag-austria","tag-bettina-fuchs","tag-bosnien","tag-elias","tag-elisabeth-meixner","tag-elisas","tag-gundula-worsch","tag-hannah","tag-italien","tag-laura","tag-oesterreich","tag-republic-of-austria","tag-republik-oesterreich","tag-thal","tag-yunus"],"share_on_mastodon":{"url":"https:\/\/pubeurope.com\/@at\/116894403549513549","error":""},"_links":{"self":[{"href":"https:\/\/www.europesays.com\/at\/wp-json\/wp\/v2\/posts\/266062","targetHints":{"allow":["GET"]}}],"collection":[{"href":"https:\/\/www.europesays.com\/at\/wp-json\/wp\/v2\/posts"}],"about":[{"href":"https:\/\/www.europesays.com\/at\/wp-json\/wp\/v2\/types\/post"}],"author":[{"embeddable":true,"href":"https:\/\/www.europesays.com\/at\/wp-json\/wp\/v2\/users\/2"}],"replies":[{"embeddable":true,"href":"https:\/\/www.europesays.com\/at\/wp-json\/wp\/v2\/comments?post=266062"}],"version-history":[{"count":0,"href":"https:\/\/www.europesays.com\/at\/wp-json\/wp\/v2\/posts\/266062\/revisions"}],"wp:featuredmedia":[{"embeddable":true,"href":"https:\/\/www.europesays.com\/at\/wp-json\/wp\/v2\/media\/266063"}],"wp:attachment":[{"href":"https:\/\/www.europesays.com\/at\/wp-json\/wp\/v2\/media?parent=266062"}],"wp:term":[{"taxonomy":"category","embeddable":true,"href":"https:\/\/www.europesays.com\/at\/wp-json\/wp\/v2\/categories?post=266062"},{"taxonomy":"post_tag","embeddable":true,"href":"https:\/\/www.europesays.com\/at\/wp-json\/wp\/v2\/tags?post=266062"}],"curies":[{"name":"wp","href":"https:\/\/api.w.org\/{rel}","templated":true}]}}