{"id":266113,"date":"2026-07-10T07:40:11","date_gmt":"2026-07-10T07:40:11","guid":{"rendered":"https:\/\/www.europesays.com\/at\/266113\/"},"modified":"2026-07-10T07:40:11","modified_gmt":"2026-07-10T07:40:11","slug":"erinnern-an-das-unfassbare-gemeinderaetin-rompolt-bei-gedenkreise-in-riga","status":"publish","type":"post","link":"https:\/\/www.europesays.com\/at\/266113\/","title":{"rendered":"\u201eErinnern an das Unfassbare\u201c \u2013 Gemeinder\u00e4tin Rompolt bei Gedenkreise in Riga"},"content":{"rendered":"<p>Wien (OTS) &#8211;\u00a0<\/p>\n<p>Zwischen Dezember 1941 und Februar 1942 wurden mindestens 4.200 J\u00fcdinnen und Juden aus Wien per Zug vom ehemaligen Aspangbahnhof nach Riga deportiert. Endstation war der Bahnhof \u0160kirotava, von wo aus Erwachsene wie Kinder ins Rigaer Ghetto, ins Konzentrationslager Jungfernhof oder in den direkten Tod in die W\u00e4lder von Rumbula und Bikernieki geschickt wurden.<\/p>\n<p>Viele dieser Gedenkorte hat Landtagsabgeordnete und Gemeinder\u00e4tin Rompolt, die in Vertretung von B\u00fcrgermeister Michael Ludwig an dieser Erinnerungsreise teilgenommen hat, besucht. Am ehemaligen Konzentrationslager Jungfernhof hat Astrid Rompolt eine bewegende Rede gehalten, in Anwesenheit der Gruppe \u00dcberlebende Kinder vom Jungfernhof. \u201eBesonders das Treffen mit den Nachkommen der Opfer aus Wien war sehr ber\u00fchrend\u201c. Und weiter: \u201eWas wir an diesen Orten lernen, ist, dass allen Ideologien, die Menschengruppen ausgrenzen, entschieden Einhalt geboten werden muss. Demokratie, Menschenrechte und ein friedliches Miteinander zu sch\u00fctzen, ist unser gemeinsamer Auftrag.\u201c<\/p>\n<p>Von den deportierten \u00d6sterreicher*innen haben nur wenige die Gr\u00e4uel \u00fcberlebt. Besonders im KZ Jungfernhof herrschten schreckliche Zust\u00e4nde: Zwangsarbeit, Mangelern\u00e4hrung, Temperaturen von minus 45 Grad und ein besonders grausamer Lagerkommandant.  <\/p>\n<p>Zu Beginn der Reise stand der gemeinsame Besuch des Rathauses von Riga, wo die Gruppe des Riga-Komitees von B\u00fcrgermeister Viesturs Kleinbergs herzlich empfangen wurde.<\/p>\n<p>Das Deutsche Riga-Komitee <\/p>\n<p>Organisiert wurde die Erinnerungsreise vom Volksbund Deutsche Kriegsgr\u00e4berf\u00fcrsorge, das im Jahr 2000 das Deutsche Riga Komitee in Berlin ins Leben gerufen hat. Die Stadt Wien ist seit 2001 Mitglied dieses europaweit einzigartigen St\u00e4dtenetzwerks, das mittlerweile \u00fcber 80 St\u00e4dte, umfasst. So zum Beispiel Dresden, Hamburg, Stuttgart, N\u00fcrnberg, Br\u00fcnn und Prag. Aus all diesen St\u00e4dten wurden Menschen im Zuge der nationalsozialistischen Verfolgung ins Baltikum deportiert. \u00dcber die H\u00e4lfte dieser St\u00e4dte waren durch fachliche und politische Vertreter*innen in Riga anwesend.<\/p>\n<p _ngcontent-ng-c403161360=\"\">Rathauskorrespondenz<br \/>Stadt Wien &#8211; Kommunikation und Medien, Diensthabende*r Redakteur*in<br \/>Service f\u00fcr Journalist*innen, Stadtredaktion<br \/>Telefon: 01 4000-81081<br \/>E-Mail: <a href=\"http:\/\/www.ots.at\/cdn-cgi\/l\/email-protection#234751634e4216100d544a464d0d44550d4257\" rel=\"nofollow noopener\" target=\"_blank\">[email\u00a0protected]<\/a><br \/>Website: <a href=\"https:\/\/presse.wien.gv.at\" target=\"_blank\" rel=\"noopener noreferrer nofollow\">https:\/\/presse.wien.gv.at<\/a><\/p>\n<p _ngcontent-ng-c403161360=\"\"> OTS-ORIGINALTEXT PRESSEAUSSENDUNG UNTER AUSSCHLIESSLICHER<br \/>\nINHALTLICHER VERANTWORTUNG DES AUSSENDERS &#8211; WWW.OTS.AT | NRK<\/p>\n","protected":false},"excerpt":{"rendered":"Wien (OTS) &#8211;\u00a0 Zwischen Dezember 1941 und Februar 1942 wurden mindestens 4.200 J\u00fcdinnen und Juden aus Wien per&hellip;\n","protected":false},"author":2,"featured_media":258170,"comment_status":"","ping_status":"","sticky":false,"template":"","format":"standard","meta":{"footnotes":"","_share_on_mastodon":"0"},"categories":[12],"tags":[26393,26395,9860,19221,1132,40,7206,41,26394,52324,39,66,182,65,64],"class_list":["post-266113","post","type-post","status-publish","format-standard","has-post-thumbnail","category-welt","tag-apa","tag-apa-ots","tag-erinnerung","tag-kommunales","tag-kultur","tag-nachrichten","tag-nationalsozialismus","tag-news","tag-ots","tag-riga","tag-schlagzeilen","tag-welt","tag-wien","tag-world","tag-world-news"],"share_on_mastodon":{"url":"https:\/\/pubeurope.com\/@at\/116894552809435325","error":""},"_links":{"self":[{"href":"https:\/\/www.europesays.com\/at\/wp-json\/wp\/v2\/posts\/266113","targetHints":{"allow":["GET"]}}],"collection":[{"href":"https:\/\/www.europesays.com\/at\/wp-json\/wp\/v2\/posts"}],"about":[{"href":"https:\/\/www.europesays.com\/at\/wp-json\/wp\/v2\/types\/post"}],"author":[{"embeddable":true,"href":"https:\/\/www.europesays.com\/at\/wp-json\/wp\/v2\/users\/2"}],"replies":[{"embeddable":true,"href":"https:\/\/www.europesays.com\/at\/wp-json\/wp\/v2\/comments?post=266113"}],"version-history":[{"count":0,"href":"https:\/\/www.europesays.com\/at\/wp-json\/wp\/v2\/posts\/266113\/revisions"}],"wp:featuredmedia":[{"embeddable":true,"href":"https:\/\/www.europesays.com\/at\/wp-json\/wp\/v2\/media\/258170"}],"wp:attachment":[{"href":"https:\/\/www.europesays.com\/at\/wp-json\/wp\/v2\/media?parent=266113"}],"wp:term":[{"taxonomy":"category","embeddable":true,"href":"https:\/\/www.europesays.com\/at\/wp-json\/wp\/v2\/categories?post=266113"},{"taxonomy":"post_tag","embeddable":true,"href":"https:\/\/www.europesays.com\/at\/wp-json\/wp\/v2\/tags?post=266113"}],"curies":[{"name":"wp","href":"https:\/\/api.w.org\/{rel}","templated":true}]}}