{"id":266600,"date":"2026-07-10T12:57:10","date_gmt":"2026-07-10T12:57:10","guid":{"rendered":"https:\/\/www.europesays.com\/at\/266600\/"},"modified":"2026-07-10T12:57:10","modified_gmt":"2026-07-10T12:57:10","slug":"alex-schlager-verlaesst-salzburg-wohl-abloesefrei","status":"publish","type":"post","link":"https:\/\/www.europesays.com\/at\/266600\/","title":{"rendered":"Alex Schlager verl\u00e4sst Salzburg wohl abl\u00f6sefrei!"},"content":{"rendered":"<p>Der Wechsel von <a href=\"https:\/\/www.laola1.at\/de\/daten\/news\/fussball\/alexander-schlager\/\" class=\"tag\" rel=\"nofollow noopener\" target=\"_blank\">Alexander Schlager<\/a> (30) in Richtung Bremen ist so gut wie fix.<\/p>\n<p><a target=\"_blank\" rel=\"noopener noreferrer nofollow\" href=\"https:\/\/www.laola1.at\/de\/red\/fussball\/bundesliga\/news\/oefb-torhueter-alex-schlager-vor-wechsel-in-die-deutsche-bundesliga\/\">\u00d6FB-Torh\u00fcter Alex Schlager vor Wechsel in die deutsche Bundesliga &gt;&gt;&gt;<\/a><\/p>\n<p>Das berichtet das Werder-nahe Medium &#8222;Deichstube&#8220;. Demnach sei zwischen den Bremern und Red Bull Salzburg eine Einigung in allen Punkten erzielt worden. Medizincheck und Vertragsunterzeichnung sollen zeitnah folgen.<\/p>\n<p>Trotz Vertrag keine Abl\u00f6se<\/p>\n<p>Wie das Medium au\u00dferdem schreibt, verl\u00e4sst Schlager die &#8222;Bullen&#8220; sogar abl\u00f6sefrei &#8211; trotz eines g\u00fcltigen Vertrags bis 2027.<\/p>\n<p>Der Goalie stand 30 Mal im Tor des \u00d6FB-Teams und kommt insgesamt auf 241 Bundesliga-Eins\u00e4tze.<\/p>\n","protected":false},"excerpt":{"rendered":"Der Wechsel von Alexander Schlager (30) in Richtung Bremen ist so gut wie fix. \u00d6FB-Torh\u00fcter Alex Schlager vor&hellip;\n","protected":false},"author":2,"featured_media":266601,"comment_status":"","ping_status":"","sticky":false,"template":"","format":"standard","meta":{"footnotes":"","_share_on_mastodon":"0"},"categories":[31],"tags":[1069,7640,46,42,1879,1061,964,1878,44,192,3994,1877],"class_list":["post-266600","post","type-post","status-publish","format-standard","has-post-thumbnail","category-salzburg","tag-admiral-bundesliga","tag-alexander-schlager","tag-at","tag-austria","tag-deutsche-bundesliga","tag-fc-red-bull-salzburg","tag-fussball","tag-geruechtekueche","tag-oesterreich","tag-salzburg","tag-sv-werder-bremen","tag-transfermarkt"],"share_on_mastodon":{"url":"https:\/\/pubeurope.com\/@at\/116895799434310216","error":""},"_links":{"self":[{"href":"https:\/\/www.europesays.com\/at\/wp-json\/wp\/v2\/posts\/266600","targetHints":{"allow":["GET"]}}],"collection":[{"href":"https:\/\/www.europesays.com\/at\/wp-json\/wp\/v2\/posts"}],"about":[{"href":"https:\/\/www.europesays.com\/at\/wp-json\/wp\/v2\/types\/post"}],"author":[{"embeddable":true,"href":"https:\/\/www.europesays.com\/at\/wp-json\/wp\/v2\/users\/2"}],"replies":[{"embeddable":true,"href":"https:\/\/www.europesays.com\/at\/wp-json\/wp\/v2\/comments?post=266600"}],"version-history":[{"count":0,"href":"https:\/\/www.europesays.com\/at\/wp-json\/wp\/v2\/posts\/266600\/revisions"}],"wp:featuredmedia":[{"embeddable":true,"href":"https:\/\/www.europesays.com\/at\/wp-json\/wp\/v2\/media\/266601"}],"wp:attachment":[{"href":"https:\/\/www.europesays.com\/at\/wp-json\/wp\/v2\/media?parent=266600"}],"wp:term":[{"taxonomy":"category","embeddable":true,"href":"https:\/\/www.europesays.com\/at\/wp-json\/wp\/v2\/categories?post=266600"},{"taxonomy":"post_tag","embeddable":true,"href":"https:\/\/www.europesays.com\/at\/wp-json\/wp\/v2\/tags?post=266600"}],"curies":[{"name":"wp","href":"https:\/\/api.w.org\/{rel}","templated":true}]}}