{"id":266681,"date":"2026-07-10T13:54:14","date_gmt":"2026-07-10T13:54:14","guid":{"rendered":"https:\/\/www.europesays.com\/at\/266681\/"},"modified":"2026-07-10T13:54:14","modified_gmt":"2026-07-10T13:54:14","slug":"medien-fc-red-bull-salzburg-schlussmann-schlager-bei-werder-bremen-ante-portas","status":"publish","type":"post","link":"https:\/\/www.europesays.com\/at\/266681\/","title":{"rendered":"Medien: FC Red Bull Salzburg-Schlussmann Schlager bei Werder Bremen ante portas"},"content":{"rendered":"<p>\t\t\t\t\t\t\t\t\t\t\t\t\t\t\t <img decoding=\"async\" src=\"https:\/\/www.europesays.com\/at\/wp-content\/uploads\/2026\/07\/1783691652_95_red-bull-salzburg.png\" alt=\"\"\/> <\/p>\n<p>\t\t\t\t\t\t\t\t\t\t\t\t\t\t\t <img decoding=\"async\" src=\"https:\/\/www.europesays.com\/at\/wp-content\/uploads\/2026\/07\/1783691653_480_club-2040-large.png\" alt=\"\"\/> <\/p>\n<p>Ein Wechsel von \u00d6FB-Teamtorh\u00fcter Alexander Schlager zum SV Werder Bremen d\u00fcrfte unmittelbar bevorstehen. Nach Informationen des dem Traditionsklub von der Weser nahen Mediums Deichstube haben sich der deutsche Bundesligist und der <a href=\"https:\/\/ticker.ligaportal.at\/mannschaft\/1729\/red-bull-salzburg\" rel=\"nofollow noopener\" target=\"_blank\">FC Red Bull Salzburg<\/a> in s\u00e4mtlichen wesentlichen Punkten auf einen Transfer verst\u00e4ndigt (siehe auch<a href=\"https:\/\/www.ligaportal.at\/bundesliga\/allgemein\/21775-fc-red-bull-salzburg-oefb-teamtorhueter-schlager-vor-wechsel-in-deutsche-bundesliga\" rel=\"nofollow noopener\" target=\"_blank\"> Beitrag <\/a>zuvor vom Donnerstag). Besonders bemerkenswert: Obwohl der 30-j\u00e4hrige, geb\u00fcrtige Salzburger bei den Roten Bullen noch ein Jahr bis 2027 unter Vertrag steht, soll der Wechsel dem Vernehmen nach ohne Abl\u00f6sesumme \u00fcber die B\u00fchne gehen.<\/p>\n<p><img decoding=\"async\" src=\"https:\/\/www.europesays.com\/at\/wp-content\/uploads\/2026\/07\/schlager-alexander-fc-red-bull-salzburg-09-12-23-josef-parak.jpg\" alt=\"\"\/><\/p>\n<p>Alexander Schlager hier noch gegen Gr\u00fcn-Wei\u00df, respektive dem SK Rapid in H\u00fctteldorf, bald wohl bei den Gr\u00fcn-Wei\u00dfen vom deutschen Bundesligisten SV Werder Bremen.<\/p>\n<p>Medizincheck offenbar noch ausst\u00e4ndig<\/p>\n<p class=\"isSelectedEnd\">Dem Bericht zufolge sollen der Medizincheck sowie die Vertragsunterzeichnung in K\u00fcrze erfolgen. Alexander Schlager absolvierte bislang 30 L\u00e4nderspiele f\u00fcr das \u00f6sterreichische Nationalteam. Dar\u00fcber hinaus bringt der 1,85 Meter-Mann die Erfahrung aus insgesamt 241 Eins\u00e4tzen (75 Mal ohne Gegentor) in der \u00f6sterreichischen Bundesliga f\u00fcr den FC Red Bull Salzburg und den LASK mit.<\/p>\n<p>Apropos LASK. Bereits mit dem siebenfachen \u00d6FB-Teamtorh\u00fcter Pavao Pervan wechselte vor acht Jahren ein ehemaliger Torh\u00fcter der Linzer Athletiker nach Niedersachsen und in die Deutsche Bundesliga. Und zwar zum VfL Wolfsburg, der allerdings in der abgelaufenen Saison in die 2. Liga abgestiegen ist.<\/p>\n<p>Beim SV Werder Bremen stehten bereits\u00a0die\u00a0\u00d6FB-Legion\u00e4re\u00a0Marco Friedl,\u00a0Marco Gr\u00fcll\u00a0und Schlagers \u00d6FB-WM-Teamkollege\u00a0Romano Schmid\u00a0unter Vertrag.<\/p>\n<p>Siehe auch:\u00a0<\/p>\n<p>Fotocredit: Josef Parak<\/p>\n","protected":false},"excerpt":{"rendered":"Ein Wechsel von \u00d6FB-Teamtorh\u00fcter Alexander Schlager zum SV Werder Bremen d\u00fcrfte unmittelbar bevorstehen. Nach Informationen des dem Traditionsklub&hellip;\n","protected":false},"author":2,"featured_media":266682,"comment_status":"","ping_status":"","sticky":false,"template":"","format":"standard","meta":{"footnotes":"","_share_on_mastodon":"0"},"categories":[31],"tags":[7640,46,42,1879,1061,44,192,3994],"class_list":["post-266681","post","type-post","status-publish","format-standard","has-post-thumbnail","category-salzburg","tag-alexander-schlager","tag-at","tag-austria","tag-deutsche-bundesliga","tag-fc-red-bull-salzburg","tag-oesterreich","tag-salzburg","tag-sv-werder-bremen"],"share_on_mastodon":{"url":"https:\/\/pubeurope.com\/@at\/116896024038388555","error":""},"_links":{"self":[{"href":"https:\/\/www.europesays.com\/at\/wp-json\/wp\/v2\/posts\/266681","targetHints":{"allow":["GET"]}}],"collection":[{"href":"https:\/\/www.europesays.com\/at\/wp-json\/wp\/v2\/posts"}],"about":[{"href":"https:\/\/www.europesays.com\/at\/wp-json\/wp\/v2\/types\/post"}],"author":[{"embeddable":true,"href":"https:\/\/www.europesays.com\/at\/wp-json\/wp\/v2\/users\/2"}],"replies":[{"embeddable":true,"href":"https:\/\/www.europesays.com\/at\/wp-json\/wp\/v2\/comments?post=266681"}],"version-history":[{"count":0,"href":"https:\/\/www.europesays.com\/at\/wp-json\/wp\/v2\/posts\/266681\/revisions"}],"wp:featuredmedia":[{"embeddable":true,"href":"https:\/\/www.europesays.com\/at\/wp-json\/wp\/v2\/media\/266682"}],"wp:attachment":[{"href":"https:\/\/www.europesays.com\/at\/wp-json\/wp\/v2\/media?parent=266681"}],"wp:term":[{"taxonomy":"category","embeddable":true,"href":"https:\/\/www.europesays.com\/at\/wp-json\/wp\/v2\/categories?post=266681"},{"taxonomy":"post_tag","embeddable":true,"href":"https:\/\/www.europesays.com\/at\/wp-json\/wp\/v2\/tags?post=266681"}],"curies":[{"name":"wp","href":"https:\/\/api.w.org\/{rel}","templated":true}]}}