{"id":266989,"date":"2026-07-10T17:16:08","date_gmt":"2026-07-10T17:16:08","guid":{"rendered":"https:\/\/www.europesays.com\/at\/266989\/"},"modified":"2026-07-10T17:16:08","modified_gmt":"2026-07-10T17:16:08","slug":"transfer-offiziell-hartberg-stuermer-havel-wechselt-in-serie-a","status":"publish","type":"post","link":"https:\/\/www.europesays.com\/at\/266989\/","title":{"rendered":"Transfer offiziell! Hartberg-St\u00fcrmer Havel wechselt in Serie A"},"content":{"rendered":"<p>Havel erhielt nach dem bestandenen Medizincheck einen \u201emehrj\u00e4hrigen\u201c Vertrag beim Liga-16. der Vorsaison. \u201eGenua ist eine gro\u00dfartige Chance. Ich freue mich sehr \u00fcber die Entscheidung und werde alles daransetzen, mich schnellstm\u00f6glich einzugew\u00f6hnen\u201c, wurde der 23-J\u00e4hrige von seinem neuen Club zitiert.<\/p>\n<p>Roma-Legende Havels neuer Coach<\/p>\n<p>\u201eElias wird unserem Kader Schnelligkeit und Offensivst\u00e4rke verleihen, zwei Eigenschaften, die f\u00fcr unsere Spielweise sehr wichtig sind\u201c, meinte Genoa-Sportdirektor Diego Lopez. Havels neuer Coach ist die einstige Roma-Legende Daniele De Rossi. Die H\u00f6he der Abl\u00f6sesumme ist nicht bekannt, es handelt sich wohl um zwei bis drei Millionen Euro.<\/p>\n<p>In Genua trifft Havel unter anderem auf seine Landsleute Franz Stolz, der nach seinem GAK-Intermezzo zur\u00fcckkehrte, und <a href=\"https:\/\/www.skysportaustria.at\/juventus-gibt-u21-teamspieler-puczka-ab\/\" rel=\"nofollow noopener\" target=\"_blank\">David Puczka<\/a>. Der \u00d6FB-U21-Teamspieler wechselte erst k\u00fcrzlich f\u00fcr eine Abl\u00f6se von sechs Millionen Euro von Juventus Turin zu Genoa.<\/p>\n","protected":false},"excerpt":{"rendered":"Havel erhielt nach dem bestandenen Medizincheck einen \u201emehrj\u00e4hrigen\u201c Vertrag beim Liga-16. der Vorsaison. \u201eGenua ist eine gro\u00dfartige Chance.&hellip;\n","protected":false},"author":2,"featured_media":266990,"comment_status":"","ping_status":"","sticky":false,"template":"","format":"standard","meta":{"footnotes":"","_share_on_mastodon":"0"},"categories":[18],"tags":[46,42,19458,72333,44,109,108],"class_list":["post-266989","post","type-post","status-publish","format-standard","has-post-thumbnail","category-sport","tag-at","tag-austria","tag-elias-havel","tag-fc-genua","tag-oesterreich","tag-sport","tag-sports"],"share_on_mastodon":{"url":"https:\/\/pubeurope.com\/@at\/116896817663756786","error":""},"_links":{"self":[{"href":"https:\/\/www.europesays.com\/at\/wp-json\/wp\/v2\/posts\/266989","targetHints":{"allow":["GET"]}}],"collection":[{"href":"https:\/\/www.europesays.com\/at\/wp-json\/wp\/v2\/posts"}],"about":[{"href":"https:\/\/www.europesays.com\/at\/wp-json\/wp\/v2\/types\/post"}],"author":[{"embeddable":true,"href":"https:\/\/www.europesays.com\/at\/wp-json\/wp\/v2\/users\/2"}],"replies":[{"embeddable":true,"href":"https:\/\/www.europesays.com\/at\/wp-json\/wp\/v2\/comments?post=266989"}],"version-history":[{"count":0,"href":"https:\/\/www.europesays.com\/at\/wp-json\/wp\/v2\/posts\/266989\/revisions"}],"wp:featuredmedia":[{"embeddable":true,"href":"https:\/\/www.europesays.com\/at\/wp-json\/wp\/v2\/media\/266990"}],"wp:attachment":[{"href":"https:\/\/www.europesays.com\/at\/wp-json\/wp\/v2\/media?parent=266989"}],"wp:term":[{"taxonomy":"category","embeddable":true,"href":"https:\/\/www.europesays.com\/at\/wp-json\/wp\/v2\/categories?post=266989"},{"taxonomy":"post_tag","embeddable":true,"href":"https:\/\/www.europesays.com\/at\/wp-json\/wp\/v2\/tags?post=266989"}],"curies":[{"name":"wp","href":"https:\/\/api.w.org\/{rel}","templated":true}]}}