{"id":267018,"date":"2026-07-10T17:35:09","date_gmt":"2026-07-10T17:35:09","guid":{"rendered":"https:\/\/www.europesays.com\/at\/267018\/"},"modified":"2026-07-10T17:35:09","modified_gmt":"2026-07-10T17:35:09","slug":"fix-red-bull-salzburg-verliert-alexander-schlager-an-werder","status":"publish","type":"post","link":"https:\/\/www.europesays.com\/at\/267018\/","title":{"rendered":"Fix! Red Bull Salzburg verliert Alexander Schlager an Werder"},"content":{"rendered":"<p><a href=\"https:\/\/www.laola1.at\/de\/daten\/news\/fussball\/alexander-schlager\/\" class=\"tag\" rel=\"nofollow noopener\" target=\"_blank\">Alexander Schlager<\/a> (30) verl\u00e4sst den <a href=\"https:\/\/www.laola1.at\/de\/daten\/news\/fussball\/fc-red-bull-salzburg\/\" class=\"tag\" rel=\"nofollow noopener\" target=\"_blank\">FC Red Bull Salzburg<\/a>.<\/p>\n<p>Wie die &#8222;Bullen&#8220; mitteilen, schlie\u00dft sich der \u00d6FB-Teamgoalie dem <a href=\"https:\/\/www.laola1.at\/de\/daten\/news\/fussball\/sv-werder-bremen\/\" class=\"tag\" rel=\"nofollow noopener\" target=\"_blank\">SV Werder Bremen<\/a> an. Beim deutschen Bundesligisten unterschreibt der 30-J\u00e4hrige bis Sommer 2029.<\/p>\n<p>Dem Vernehmen nach kassierte Salzburg keine Abl\u00f6se f\u00fcr Schlager, der 2023 ebenso abl\u00f6sefrei vom <a href=\"https:\/\/www.laola1.at\/de\/daten\/news\/fussball\/lask\/\" class=\"tag\" rel=\"nofollow noopener\" target=\"_blank\">LASK<\/a> in die Mozartstadt wechselte (<a target=\"_blank\" rel=\"noopener noreferrer nofollow\" href=\"https:\/\/www.laola1.at\/de\/red\/fussball\/bundesliga\/news\/alex-schlager-verlaesst-salzburg-wohl-abloesefrei-\/\">mehr dazu &gt;&gt;&gt;<\/a>).<\/p>\n<p>Abschied ohne Titel<\/p>\n<p>113 Spiele absolvierte Schlager in drei Jahren f\u00fcr die &#8222;Bullen&#8220;, nur beim <a href=\"https:\/\/www.laola1.at\/de\/daten\/news\/fussball\/lask\/\" class=\"tag\" rel=\"nofollow noopener\" target=\"_blank\">LASK<\/a> stand er noch \u00f6fter im Tor. 2023\/24 wurde der 30-fache Teamspieler au\u00dferdem als Torh\u00fcter der Saison ausgezeichnet.<\/p>\n<p>Einen Titel konnte Schlager mit Salzburg in dieser Zeit aber nicht gewinnen. Am Ende stehen zwei Vizemeisterschaften sowie zwei Halbfinals und ein Viertelfinale im \u00d6FB-Cup.<\/p>\n<p>Schlager kommt nach dem Trainingslager<\/p>\n<p>In einem Statement sagt Schlager: &#8222;Ich m\u00f6chte mich f\u00fcr die gemeinsame Zeit von Herzen bedanken. Auch wenn die letzten drei Jahre sportlich anders verlaufen sind, als wir es uns alle erhofft haben, durfte ich mir hier bei meinem Heimatklub einen Kindheitstraum erf\u00fcllen. Auf mich wartet jetzt die deutsche Bundesliga, aber ich werde den Weg des <a href=\"https:\/\/www.laola1.at\/de\/daten\/news\/fussball\/fc-red-bull-salzburg\/\" class=\"tag\" rel=\"nofollow noopener\" target=\"_blank\">FC Red Bull Salzburg<\/a> weiter fest verfolgen und freue mich jetzt schon auf ein Wiedersehen. Ich w\u00fcnsche dem Klub, der Mannschaft und dem gesamten Umfeld nur das Beste f\u00fcr die Zukunft!\u201c<\/p>\n<p>Peter Niemayer, Leiter des Profifu\u00dfballs bei Werder, sagt: &#8222;Wir freuen uns, dass wir mit Alexander einen weiteren starken Keeper f\u00fcr uns gewinnen konnten. Wir sind davon \u00fcberzeugt, dass er sich sportlich und charakterlich sehr gut in unser Team einf\u00fcgen wird. Wir gehen damit mit einem sehr starken Torwart-Team in die Saison, das sich immer wieder gegenseitig herausfordern wird. Das war bei den \u00dcberlegungen auf dieser Position unser Wunsch. Er wird wie alle WM-Fahrer nach unserem Trainingslager im Zillertal zum Team sto\u00dfen.&#8220;<\/p>\n","protected":false},"excerpt":{"rendered":"Alexander Schlager (30) verl\u00e4sst den FC Red Bull Salzburg. Wie die &#8222;Bullen&#8220; mitteilen, schlie\u00dft sich der \u00d6FB-Teamgoalie dem&hellip;\n","protected":false},"author":2,"featured_media":267019,"comment_status":"","ping_status":"","sticky":false,"template":"","format":"standard","meta":{"footnotes":"","_share_on_mastodon":"0"},"categories":[18],"tags":[1069,7640,46,42,1879,1061,964,1163,44,109,108,3994,1877],"class_list":["post-267018","post","type-post","status-publish","format-standard","has-post-thumbnail","category-sport","tag-admiral-bundesliga","tag-alexander-schlager","tag-at","tag-austria","tag-deutsche-bundesliga","tag-fc-red-bull-salzburg","tag-fussball","tag-oefb-legionaere","tag-oesterreich","tag-sport","tag-sports","tag-sv-werder-bremen","tag-transfermarkt"],"share_on_mastodon":{"url":"https:\/\/pubeurope.com\/@at\/116896892698444935","error":""},"_links":{"self":[{"href":"https:\/\/www.europesays.com\/at\/wp-json\/wp\/v2\/posts\/267018","targetHints":{"allow":["GET"]}}],"collection":[{"href":"https:\/\/www.europesays.com\/at\/wp-json\/wp\/v2\/posts"}],"about":[{"href":"https:\/\/www.europesays.com\/at\/wp-json\/wp\/v2\/types\/post"}],"author":[{"embeddable":true,"href":"https:\/\/www.europesays.com\/at\/wp-json\/wp\/v2\/users\/2"}],"replies":[{"embeddable":true,"href":"https:\/\/www.europesays.com\/at\/wp-json\/wp\/v2\/comments?post=267018"}],"version-history":[{"count":0,"href":"https:\/\/www.europesays.com\/at\/wp-json\/wp\/v2\/posts\/267018\/revisions"}],"wp:featuredmedia":[{"embeddable":true,"href":"https:\/\/www.europesays.com\/at\/wp-json\/wp\/v2\/media\/267019"}],"wp:attachment":[{"href":"https:\/\/www.europesays.com\/at\/wp-json\/wp\/v2\/media?parent=267018"}],"wp:term":[{"taxonomy":"category","embeddable":true,"href":"https:\/\/www.europesays.com\/at\/wp-json\/wp\/v2\/categories?post=267018"},{"taxonomy":"post_tag","embeddable":true,"href":"https:\/\/www.europesays.com\/at\/wp-json\/wp\/v2\/tags?post=267018"}],"curies":[{"name":"wp","href":"https:\/\/api.w.org\/{rel}","templated":true}]}}