{"id":267031,"date":"2026-07-10T17:43:12","date_gmt":"2026-07-10T17:43:12","guid":{"rendered":"https:\/\/www.europesays.com\/at\/267031\/"},"modified":"2026-07-10T17:43:12","modified_gmt":"2026-07-10T17:43:12","slug":"fix-fc-red-bull-salzburg-schlussmann-schlager-wechselt-zum-sv-werder-bremen","status":"publish","type":"post","link":"https:\/\/www.europesays.com\/at\/267031\/","title":{"rendered":"FIX: FC Red Bull Salzburg-Schlussmann Schlager wechselt zum SV Werder Bremen"},"content":{"rendered":"<p>\t\t\t\t\t\t\t\t\t\t\t\t\t\t\t <img decoding=\"async\" src=\"https:\/\/www.europesays.com\/at\/wp-content\/uploads\/2026\/07\/1783705390_94_red-bull-salzburg.png\" alt=\"\"\/> <\/p>\n<p>\t\t\t\t\t\t\t\t\t\t\t\t\t\t\t <img decoding=\"async\" src=\"https:\/\/www.europesays.com\/at\/wp-content\/uploads\/2026\/07\/1783705391_303_club-2040-large.png\" alt=\"\"\/> <\/p>\n<p>Es war nurmehr eine Frage der Zeit, siehe <a href=\"https:\/\/www.ligaportal.at\/bundesliga\/allgemein\/21787-medien-fc-red-bull-salzburg-schlussmann-schlager-bei-werder-bremen-ante-portas\" rel=\"nofollow noopener\" target=\"_blank\">Ligaportal-Beitrag<\/a> zuvor, nun ist es fix. Der <a href=\"https:\/\/ticker.ligaportal.at\/mannschaft\/1729\/red-bull-salzburg\" rel=\"nofollow noopener\" target=\"_blank\">FC Red Bull Salzburg <\/a>vermeldet in seiner Klubaussendung am Freitagabend den Abgang von Alexander Schlager nach drei Jahren bei den Roten Bullen. Ein Jahr vor dem urspr\u00fcnglichen Vertragsende bei den Mozartst\u00e4zdtern schlie\u00dft sich der 30-j\u00e4hrige, geb\u00fcrtige Salzubrger dem deutschen Bundesligisten SV Werder Bremen\u00a0an. Damit ist der 30-fache \u00d6FB-Teamtorh\u00fcter neben\u00a0Marco Friedl,\u00a0Marco Gr\u00fcll\u00a0und Romano Schmid\u00a0der vierte \u00d6FB-Legion\u00e4r beim Traditionsklub von der Weser. Siehe auch:\u00a0<a class=\"text-darkblue\" href=\"https:\/\/www.ligaportal.at\/bundesliga\/transfers\" rel=\"nofollow noopener\" target=\"_blank\">Transfers Bundesliga<\/a>!<\/p>\n<p><img decoding=\"async\" src=\"https:\/\/www.europesays.com\/at\/wp-content\/uploads\/2026\/07\/schlager-alexander-sk-rapid-vs-rb-salzburg-26-04-2026-fc-red-bull-salzburg-biereder.jpg\" alt=\"\"\/><\/p>\n<p>\u201eAlex hat sich immer absolut professionell verhalten, seine Leistung gebracht und war vor allem als Typ und Salzburger Identifikationsfigur ein wichtiger Faktor f\u00fcr die Mannschaft&#8220;<\/p>\n<p>Der 30-j\u00e4hrige Salzburger durchlief bereits die\u00a0Red Bull Fu\u00dfball Akademie\u00a0und kehrte nach seiner Zeit beim LASK in Linz im\u00a0Sommer 2023\u00a0als \u00f6sterreichischer Nationalteamtorh\u00fcter zur\u00fcck. Seither absolvierte Alexander Schlager insgesamt\u00a0113 Pflichtspiele\u00a0f\u00fcr die Roten Bullen in der Bundesliga, im UNIQA \u00d6FB Cup sowie in der UEFA Champions League und der UEFA Europa League.<\/p>\n<p>Nun folgt der Wechsel in die\u00a0deutsche Bundesliga, wo der \u00d6FB-Teamtorh\u00fcter k\u00fcnftig bei Werder Bremen zwischen den Pfosten stehen wird.<\/p>\n<p>Marcus Mann, Gesch\u00e4ftsf\u00fchrer Sport FC Red Bull Salzburg: <\/p>\n<p>\u201eAlex kam vor drei Jahren mit dem klaren Ziel zum FC Red Bull Salzburg, Titel zu gewinnen. Auch wenn dieser Titelerfolg verwehrt geblieben ist, hat sich Alex immer absolut professionell verhalten, seine Leistung gebracht und war vor allem als Typ und Salzburger Identifikationsfigur ein wichtiger Faktor f\u00fcr die Mannschaft. <\/p>\n<p>Mit dem Transfer zu Werder Bremen \u00f6ffnet sich nun f\u00fcr ihn das n\u00e4chste Kapitel in der deutschen Bundesliga. Wir bedanken uns bei Alex f\u00fcr seinen Einsatz im Trikot des FC Red Bull Salzburg und w\u00fcnschen ihm f\u00fcr seine neue Aufgabe bei Werder alles Gute.\u201c<\/p>\n<p>Alexander Schlager: <\/p>\n<p>\u201eIch m\u00f6chte mich f\u00fcr die gemeinsame Zeit von Herzen bedanken. Auch wenn die letzten drei Jahre sportlich anders verlaufen sind, als wir es uns alle erhofft haben, durfte ich mir hier bei meinem Heimatklub einen Kindheitstraum erf\u00fcllen. <\/p>\n<p>Auf mich wartet jetzt die deutsche Bundesliga, aber ich werde den Weg des FC Red Bull Salzburg weiter fest verfolgen und freue mich jetzt schon auf ein Wiedersehen. Ich w\u00fcnsche dem Klub, der Mannschaft und dem gesamten Umfeld nur das Beste f\u00fcr die Zukunft!\u201c<\/p>\n<p>Siehe auch:\u00a0<\/p>\n<p>Fotocredit: RBS by Getty<\/p>\n","protected":false},"excerpt":{"rendered":"Es war nurmehr eine Frage der Zeit, siehe Ligaportal-Beitrag zuvor, nun ist es fix. Der FC Red Bull&hellip;\n","protected":false},"author":2,"featured_media":267032,"comment_status":"","ping_status":"","sticky":false,"template":"","format":"standard","meta":{"footnotes":"","_share_on_mastodon":"0"},"categories":[31],"tags":[7640,46,42,1879,1061,44,192,3994],"class_list":["post-267031","post","type-post","status-publish","format-standard","has-post-thumbnail","category-salzburg","tag-alexander-schlager","tag-at","tag-austria","tag-deutsche-bundesliga","tag-fc-red-bull-salzburg","tag-oesterreich","tag-salzburg","tag-sv-werder-bremen"],"share_on_mastodon":{"url":"https:\/\/pubeurope.com\/@at\/116896924470438187","error":""},"_links":{"self":[{"href":"https:\/\/www.europesays.com\/at\/wp-json\/wp\/v2\/posts\/267031","targetHints":{"allow":["GET"]}}],"collection":[{"href":"https:\/\/www.europesays.com\/at\/wp-json\/wp\/v2\/posts"}],"about":[{"href":"https:\/\/www.europesays.com\/at\/wp-json\/wp\/v2\/types\/post"}],"author":[{"embeddable":true,"href":"https:\/\/www.europesays.com\/at\/wp-json\/wp\/v2\/users\/2"}],"replies":[{"embeddable":true,"href":"https:\/\/www.europesays.com\/at\/wp-json\/wp\/v2\/comments?post=267031"}],"version-history":[{"count":0,"href":"https:\/\/www.europesays.com\/at\/wp-json\/wp\/v2\/posts\/267031\/revisions"}],"wp:featuredmedia":[{"embeddable":true,"href":"https:\/\/www.europesays.com\/at\/wp-json\/wp\/v2\/media\/267032"}],"wp:attachment":[{"href":"https:\/\/www.europesays.com\/at\/wp-json\/wp\/v2\/media?parent=267031"}],"wp:term":[{"taxonomy":"category","embeddable":true,"href":"https:\/\/www.europesays.com\/at\/wp-json\/wp\/v2\/categories?post=267031"},{"taxonomy":"post_tag","embeddable":true,"href":"https:\/\/www.europesays.com\/at\/wp-json\/wp\/v2\/tags?post=267031"}],"curies":[{"name":"wp","href":"https:\/\/api.w.org\/{rel}","templated":true}]}}