{"id":267565,"date":"2026-07-11T01:24:09","date_gmt":"2026-07-11T01:24:09","guid":{"rendered":"https:\/\/www.europesays.com\/at\/267565\/"},"modified":"2026-07-11T01:24:09","modified_gmt":"2026-07-11T01:24:09","slug":"koenig-charles-trifft-harry-meghan-und-ihre-kinder-erstmals-seit-vier-jahren","status":"publish","type":"post","link":"https:\/\/www.europesays.com\/at\/267565\/","title":{"rendered":"K\u00f6nig Charles trifft Harry, Meghan und ihre Kinder erstmals seit vier Jahren"},"content":{"rendered":"<p>Es ist das erste Mal seit mehr als vier Jahren, dass der K\u00f6nig seine Enkelkinder Archie (7) und Lilibet (5) pers\u00f6nlich gesehen hat, berichtete die BBC. Prinz Harry und Meghan waren seit 2022 nicht mehr gemeinsam in Gro\u00dfbritannien gewesen, als sie an der Beisetzung von K\u00f6nigin Elizabeth II. teilnahmen. Harry, der mit seiner Familie in den USA lebt, hat Gro\u00dfbritannien seit einem Zerw\u00fcrfnis mit seinem Vater und seinem \u00e4lteren Bruder, Prinz William, nur ein- oder zweimal im Jahr besucht. Er traf seinen Vater bei einer Reise im vergangenen September zum Tee in London. Archie und Lilibet waren ebenfalls seit 2022 nicht mehr im Land.<\/p>\n","protected":false},"excerpt":{"rendered":"Es ist das erste Mal seit mehr als vier Jahren, dass der K\u00f6nig seine Enkelkinder Archie (7) und&hellip;\n","protected":false},"author":2,"featured_media":267566,"comment_status":"","ping_status":"","sticky":false,"template":"","format":"standard","meta":{"footnotes":"","_share_on_mastodon":"0"},"categories":[8],"tags":[2349,70949,887,52084,1415,72453,72454,72455,43554,58974,40,41,2832,39,38],"class_list":["post-267565","post","type-post","status-publish","format-standard","has-post-thumbnail","category-nachrichten","tag-britisches-koenigshaus","tag-buckingham-palast","tag-charles-iii","tag-gloucestershire","tag-grossbritannien","tag-herzogin-meghan","tag-highgrove-house","tag-invictus-games","tag-koenig-charles","tag-koenigin-camilla","tag-nachrichten","tag-news","tag-royals","tag-schlagzeilen","tag-top-meldungen"],"share_on_mastodon":{"url":"https:\/\/pubeurope.com\/@at\/116898736496094259","error":""},"_links":{"self":[{"href":"https:\/\/www.europesays.com\/at\/wp-json\/wp\/v2\/posts\/267565","targetHints":{"allow":["GET"]}}],"collection":[{"href":"https:\/\/www.europesays.com\/at\/wp-json\/wp\/v2\/posts"}],"about":[{"href":"https:\/\/www.europesays.com\/at\/wp-json\/wp\/v2\/types\/post"}],"author":[{"embeddable":true,"href":"https:\/\/www.europesays.com\/at\/wp-json\/wp\/v2\/users\/2"}],"replies":[{"embeddable":true,"href":"https:\/\/www.europesays.com\/at\/wp-json\/wp\/v2\/comments?post=267565"}],"version-history":[{"count":0,"href":"https:\/\/www.europesays.com\/at\/wp-json\/wp\/v2\/posts\/267565\/revisions"}],"wp:featuredmedia":[{"embeddable":true,"href":"https:\/\/www.europesays.com\/at\/wp-json\/wp\/v2\/media\/267566"}],"wp:attachment":[{"href":"https:\/\/www.europesays.com\/at\/wp-json\/wp\/v2\/media?parent=267565"}],"wp:term":[{"taxonomy":"category","embeddable":true,"href":"https:\/\/www.europesays.com\/at\/wp-json\/wp\/v2\/categories?post=267565"},{"taxonomy":"post_tag","embeddable":true,"href":"https:\/\/www.europesays.com\/at\/wp-json\/wp\/v2\/tags?post=267565"}],"curies":[{"name":"wp","href":"https:\/\/api.w.org\/{rel}","templated":true}]}}