{"id":268871,"date":"2026-07-11T20:21:09","date_gmt":"2026-07-11T20:21:09","guid":{"rendered":"https:\/\/www.europesays.com\/at\/268871\/"},"modified":"2026-07-11T20:21:09","modified_gmt":"2026-07-11T20:21:09","slug":"endi-kingley-zweiter-algerier-kroent-sensationelle-flug-show-in-linz","status":"publish","type":"post","link":"https:\/\/www.europesays.com\/at\/268871\/","title":{"rendered":"Endi Kingley Zweiter &#8211; Algerier kr\u00f6nt sensationelle Flug-Show in Linz"},"content":{"rendered":"<p>Yasser Triki, heuer Dritter der Hallen-WM in Torun, schrieb in Linz sogar ein St\u00fcck heimische Leichtathletik-Geschichte. Der Algerier flog dreimal weiter als 17,00 m (17,29 \u2013 17,47 \u2013 17,58). Seine im letzten Versuch bei Windstille erzielten 17,58 sind die gr\u00f6\u00dfte Weite, die jemals in \u00d6sterreich im Dreisprung erzielt wurden. Er \u00fcbertraf die sogenannten All-Comers-Rekorde sowohl im Freien vom US-Amerikaner Mike Conley mit 17,14 m (Gugl-Meeting 1992) und in der Halle vom Schweden Christian Olsson mit 17,54 (Hallen-EM Wien 2002).<\/p>\n","protected":false},"excerpt":{"rendered":"Yasser Triki, heuer Dritter der Hallen-WM in Torun, schrieb in Linz sogar ein St\u00fcck heimische Leichtathletik-Geschichte. Der Algerier&hellip;\n","protected":false},"author":2,"featured_media":268872,"comment_status":"","ping_status":"","sticky":false,"template":"","format":"standard","meta":{"footnotes":"","_share_on_mastodon":"0"},"categories":[30],"tags":[72710,46,42,7819,72711,71590,46868,8710,75,72712,71591,193,22161,184,72713,72714,44,72715,72716,8976,8724,72717,72718],"class_list":["post-268871","post","type-post","status-publish","format-standard","has-post-thumbnail","category-linz","tag-algerier","tag-at","tag-austria","tag-birmingham","tag-christian-olsson","tag-christian-taylor","tag-endi-kingley","tag-endiorass-kingley","tag-europa","tag-gabriel-wallmark","tag-ilona-masson","tag-innsbruck","tag-japanischen","tag-linz","tag-manato-miyao","tag-mike-conley","tag-oesterreich","tag-roland-werthner","tag-ruth-hildebrand","tag-schwedischen","tag-torun","tag-triki","tag-yasser-mohammaed-triki"],"share_on_mastodon":{"url":"https:\/\/pubeurope.com\/@at\/116903207633862615","error":""},"_links":{"self":[{"href":"https:\/\/www.europesays.com\/at\/wp-json\/wp\/v2\/posts\/268871","targetHints":{"allow":["GET"]}}],"collection":[{"href":"https:\/\/www.europesays.com\/at\/wp-json\/wp\/v2\/posts"}],"about":[{"href":"https:\/\/www.europesays.com\/at\/wp-json\/wp\/v2\/types\/post"}],"author":[{"embeddable":true,"href":"https:\/\/www.europesays.com\/at\/wp-json\/wp\/v2\/users\/2"}],"replies":[{"embeddable":true,"href":"https:\/\/www.europesays.com\/at\/wp-json\/wp\/v2\/comments?post=268871"}],"version-history":[{"count":0,"href":"https:\/\/www.europesays.com\/at\/wp-json\/wp\/v2\/posts\/268871\/revisions"}],"wp:featuredmedia":[{"embeddable":true,"href":"https:\/\/www.europesays.com\/at\/wp-json\/wp\/v2\/media\/268872"}],"wp:attachment":[{"href":"https:\/\/www.europesays.com\/at\/wp-json\/wp\/v2\/media?parent=268871"}],"wp:term":[{"taxonomy":"category","embeddable":true,"href":"https:\/\/www.europesays.com\/at\/wp-json\/wp\/v2\/categories?post=268871"},{"taxonomy":"post_tag","embeddable":true,"href":"https:\/\/www.europesays.com\/at\/wp-json\/wp\/v2\/tags?post=268871"}],"curies":[{"name":"wp","href":"https:\/\/api.w.org\/{rel}","templated":true}]}}