{"id":268968,"date":"2026-07-11T22:31:10","date_gmt":"2026-07-11T22:31:10","guid":{"rendered":"https:\/\/www.europesays.com\/at\/268968\/"},"modified":"2026-07-11T22:31:10","modified_gmt":"2026-07-11T22:31:10","slug":"krieg-munitionslager-explodiert-in-wyschnewe-selenskyj-droht","status":"publish","type":"post","link":"https:\/\/www.europesays.com\/at\/268968\/","title":{"rendered":"Krieg | Munitionslager explodiert in Wyschnewe \u2013 Selenskyj droht"},"content":{"rendered":"<p class=\"text-18 leading-17 user-text-lg:text-22 user-text-xl:text-24\"><a href=\"https:\/\/www.t-online.de\/themen\/russland\/\" class=\"transition-colors cursor-pointer no-underline md:hover:text-magenta md:focus:text-magenta border-b border-solid border-current text-salemsfur md:hover:border-magenta\" data-tracking=\"{&quot;action&quot;:&quot;click&quot;,&quot;category&quot;:&quot;intextLink&quot;,&quot;label&quot;:&quot;\/themen\/russland\/&quot;}\" data-sctrack=\"BodyAnchor\" rel=\"nofollow noopener\" target=\"_blank\">Russland<\/a> hatte zuvor deutlich geringere Angaben zu dem Beschuss gemacht. So schrieb der Gouverneur der Region Rostow, Juri Sljussar, in der Nacht seien vier Schiffe auf See angegriffen worden. &#8222;Ein Mensch wurde get\u00f6tet, der Matrose auf einem technischen Schiff&#8220;, teilte er auf Telegram mit. Seinen Angaben nach sind die Sch\u00e4den an Bord \u2013 unter anderem bei einem Tanker, der hochentz\u00fcndliches Methanol geladen habe \u2013 gering. Es bestehe keine Gefahr, dass die Fracht auslaufe.<\/p>\n<p class=\"text-18 leading-17 user-text-lg:text-22 user-text-xl:text-24\">Schon in den vergangenen Tagen hatte die Ukraine wiederholt Schiffe auf dem Asowschen Meer, aber auch Umschlagkapazit\u00e4ten an Land wie den Hafen in Taganrog angegriffen. Kiew zielt nach eigenen Angaben darauf, die Treibstoffversorgung der im S\u00fcden und Osten der Ukraine stationierten russischen Truppen und den lukrativen russischen \u00d6lexport zu unterbinden.<\/p>\n<p>Brennende Treibstofflager in Rostow gel\u00f6scht<\/p>\n<p class=\"text-18 leading-17 user-text-lg:text-22 user-text-xl:text-24\">Die durch ukrainische Drohnen am Freitag verursachten Br\u00e4nde in zwei Treibstofflagern in der s\u00fcdrussischen Region Rostow sind gel\u00f6scht, wie der Gouverneur der Region, Juri Sljusar, am Samstag auf Telegram mitteilte.<\/p>\n<p>Russland nutzt Sicherheitsl\u00fccken in Millionen Haushalten<\/p>\n<p class=\"text-18 leading-17 user-text-lg:text-22 user-text-xl:text-24\">Ein nicht abrei\u00dfender Strom aus Waffen- und Hilfslieferungen flie\u00dft aus Europa in die Ukraine. Russland schaut dabei offensichtlich sehr genau zu. <a href=\"https:\/\/www.t-online.de\/nachrichten\/deutschland\/militaer-verteidigung\/id_101338718\/russland-hackt-tuerklingelkameras-so-spaeht-putin-nato-staaten-aus.html\" class=\"transition-colors cursor-pointer no-underline md:hover:text-magenta md:focus:text-magenta border-b border-solid border-current text-salemsfur md:hover:border-magenta\" data-tracking=\"{&quot;action&quot;:&quot;click&quot;,&quot;category&quot;:&quot;intextLink&quot;,&quot;label&quot;:&quot;\/nachrichten\/deutschland\/militaer-verteidigung\/id_101338718\/russland-hackt-tuerklingelkameras-so-spaeht-putin-nato-staaten-aus.html&quot;}\" data-sctrack=\"BodyAnchor\" rel=\"nofollow noopener\" target=\"_blank\">Mehr dazu lesen Sie hier<\/a>.<\/p>\n<p>Verletzte bei Raketenangriff auf Kiew<\/p>\n<p class=\"text-18 leading-17 user-text-lg:text-22 user-text-xl:text-24\">Die ukrainische Hauptstadt Kiew ist in der Nacht erneut unter Raketenbeschuss geraten. Der Feind habe die Stadt mit ballistischen Raketen angegriffen, teilten B\u00fcrgermeister Vitali Klitschko und Milit\u00e4rgouverneur Tymur Tkatschenko auf Telegram mit. Sie riefen die Anwohnerinnen und Anwohner auf, sich in Schutzr\u00e4ume zu begeben. Ein Reporter der Deutschen Presse-Agentur berichtete vor Ort von mehreren Angriffswellen. Mindestens zehn Menschen wurden bei den Angriffen verletzt. Unter den Opfern sei auch ein Kind, teilte der Katastrophenschutz mit.<\/p>\n<p><a href=\"#focus-0\" class=\"transition-colors block text-current relative\" data-sctrack=\"FocusGalleryImage.Reference\"><img   loading=\"lazy\" src=\"https:\/\/www.europesays.com\/at\/wp-content\/uploads\/2026\/07\/1783809070_349_immer-wieder-geraet-kiew-unter-beschuss-archivbild.jpg\" alt=\"Ukraine-Krieg - Kiew\" title=\"Ukraine-Krieg - Kiew\" width=\"2048\" height=\"1152\" class=\"h-full w-full max-w-full rounded-8\" decoding=\"async\"\/><img loading=\"lazy\" src=\"https:\/\/www.t-online.de\/s\/paper\/_next\/static\/media\/zoom-in.f7dae02f.svg\" alt=\"Vergr\u00f6\u00dfern des Bildes\" title=\"Vergr\u00f6\u00dfern des Bildes\" class=\"block h-[calc(var(--height)_\/_16_*_1rem)] w-[calc(var(--width)_\/_16_*_1rem)] max-w-none absolute right-8 bottom-8 rounded-4 bg-snow p-8\" style=\"--width:32;--height:32\" decoding=\"async\"\/>Immer wieder ger\u00e4t Kiew unter Beschuss. (Archivbild) (Quelle: Evgeniy Maloletka\/AP\/dpa\/dpa-bilder)<\/a><\/p>\n<p class=\"text-18 leading-17 user-text-lg:text-22 user-text-xl:text-24\">Bei den n\u00e4chtlichen Attacken sei es in mehreren Bezirken zu Br\u00e4nden gekommen. Nach vorl\u00e4ufigen Angaben Tkatschenkos gab es Sch\u00e4den in einem Stadtbezirk im Ostteil der Stadt. Im Westteil Kiews brach demnach ein Brand in einem B\u00fcrogeb\u00e4ude aus. Zudem sei ein unbewohntes Geb\u00e4ude besch\u00e4digt worden.<\/p>\n<p>Selenskyj: China hat Russland gewarnt<\/p>\n<p class=\"text-18 leading-17 user-text-lg:text-22 user-text-xl:text-24\"><a href=\"https:\/\/www.t-online.de\/themen\/peking\/\" class=\"transition-colors cursor-pointer no-underline md:hover:text-magenta md:focus:text-magenta border-b border-solid border-current text-salemsfur md:hover:border-magenta\" data-tracking=\"{&quot;action&quot;:&quot;click&quot;,&quot;category&quot;:&quot;intextLink&quot;,&quot;label&quot;:&quot;\/themen\/peking\/&quot;}\" data-sctrack=\"BodyAnchor\" rel=\"nofollow noopener\" target=\"_blank\">Peking<\/a> will offenbar eine weitere Eskalation im Ukraine-Krieg verhindern. <a href=\"https:\/\/www.t-online.de\/nachrichten\/ukraine\/id_101338418\/china-setzt-putin-grenzen-selenskyj-spricht-von-atomwaffen-ultimatum.html\" class=\"transition-colors cursor-pointer no-underline md:hover:text-magenta md:focus:text-magenta border-b border-solid border-current text-salemsfur md:hover:border-magenta\" data-tracking=\"{&quot;action&quot;:&quot;click&quot;,&quot;category&quot;:&quot;intextLink&quot;,&quot;label&quot;:&quot;\/nachrichten\/ukraine\/id_101338418\/china-setzt-putin-grenzen-selenskyj-spricht-von-atomwaffen-ultimatum.html&quot;}\" data-sctrack=\"BodyAnchor\" rel=\"nofollow noopener\" target=\"_blank\">Russland soll eine rote Linie aufgezeigt worden sein.<\/a><\/p>\n","protected":false},"excerpt":{"rendered":"Russland hatte zuvor deutlich geringere Angaben zu dem Beschuss gemacht. So schrieb der Gouverneur der Region Rostow, Juri&hellip;\n","protected":false},"author":2,"featured_media":268969,"comment_status":"","ping_status":"","sticky":false,"template":"","format":"standard","meta":{"footnotes":"","_share_on_mastodon":"0"},"categories":[8],"tags":[732,2040,2752,2753,2784,72729,72488,2786,2744,72731,2743,1966,435,2741,72727,40,41,2739,57220,1963,11634,39,7158,72730,38,2746,7059,2737,72728],"class_list":["post-268968","post","type-post","status-publish","format-standard","has-post-thumbnail","category-nachrichten","tag-ukraine","tag-2040","tag-2752","tag-2753","tag-angriff","tag-bams","tag-binnenschiff","tag-donezk","tag-drohne","tag-juri-sljussar","tag-kiew","tag-krim","tag-militaer","tag-moskau","tag-munitionslager","tag-nachrichten","tag-news","tag-newsblog","tag-rostow","tag-russland","tag-schiff","tag-schlagzeilen","tag-telegram","tag-telegram-messenger","tag-top-meldungen","tag-ukrainekrieg","tag-vitali-klitschko","tag-wolodymyr-selenskyj","tag-wyschnewe"],"share_on_mastodon":{"url":"https:\/\/pubeurope.com\/@at\/116903718985849638","error":""},"_links":{"self":[{"href":"https:\/\/www.europesays.com\/at\/wp-json\/wp\/v2\/posts\/268968","targetHints":{"allow":["GET"]}}],"collection":[{"href":"https:\/\/www.europesays.com\/at\/wp-json\/wp\/v2\/posts"}],"about":[{"href":"https:\/\/www.europesays.com\/at\/wp-json\/wp\/v2\/types\/post"}],"author":[{"embeddable":true,"href":"https:\/\/www.europesays.com\/at\/wp-json\/wp\/v2\/users\/2"}],"replies":[{"embeddable":true,"href":"https:\/\/www.europesays.com\/at\/wp-json\/wp\/v2\/comments?post=268968"}],"version-history":[{"count":0,"href":"https:\/\/www.europesays.com\/at\/wp-json\/wp\/v2\/posts\/268968\/revisions"}],"wp:featuredmedia":[{"embeddable":true,"href":"https:\/\/www.europesays.com\/at\/wp-json\/wp\/v2\/media\/268969"}],"wp:attachment":[{"href":"https:\/\/www.europesays.com\/at\/wp-json\/wp\/v2\/media?parent=268968"}],"wp:term":[{"taxonomy":"category","embeddable":true,"href":"https:\/\/www.europesays.com\/at\/wp-json\/wp\/v2\/categories?post=268968"},{"taxonomy":"post_tag","embeddable":true,"href":"https:\/\/www.europesays.com\/at\/wp-json\/wp\/v2\/tags?post=268968"}],"curies":[{"name":"wp","href":"https:\/\/api.w.org\/{rel}","templated":true}]}}