{"id":269414,"date":"2026-07-12T07:00:33","date_gmt":"2026-07-12T07:00:33","guid":{"rendered":"https:\/\/www.europesays.com\/at\/269414\/"},"modified":"2026-07-12T07:00:33","modified_gmt":"2026-07-12T07:00:33","slug":"werder-bremen-holt-wm-fahrer-alexander-schlager-von-red-bull-salzburg","status":"publish","type":"post","link":"https:\/\/www.europesays.com\/at\/269414\/","title":{"rendered":"Werder Bremen holt WM-Fahrer Alexander Schlager von Red Bull Salzburg"},"content":{"rendered":"<p>Abl\u00f6sefrei trotz Restvertrags\u00a0<\/p>\n<p>                                    <img decoding=\"async\" src=\"https:\/\/www.europesays.com\/at\/wp-content\/uploads\/2026\/07\/alexander-schlager-osterreich-wc-2026-1783686519-202033.jpg\" title=\"Werder Bremen holt WM-Fahrer Alexander Schlager von Red Bull Salzburg\" alt=\"Werder Bremen holt WM-Fahrer Alexander Schlager von Red Bull Salzburg\"\/><\/p>\n<p>\n                                       \u00a9IMAGO\n                                    <\/p>\n<p><a title=\"SV Werder Bremen\" href=\"https:\/\/www.transfermarkt.at\/sv-werder-bremen\/startseite\/verein\/86\" target=\"_blank\" rel=\"nofollow noopener\">Werder Bremen<\/a> verpflichtet \u00d6FB-Keeper und WM-Teilnehmer <a title=\"Alexander Schlager\" href=\"https:\/\/www.transfermarkt.at\/alexander-schlager\/profil\/spieler\/186374\" target=\"_blank\" rel=\"nofollow noopener\">Alexander Schlager<\/a>. Der 30-J\u00e4hrige wechselt Berichten zufolge abl\u00f6sefrei von <a title=\"FC Red Bull Salzburg\" href=\"https:\/\/www.transfermarkt.at\/fc-red-bull-salzburg\/startseite\/verein\/409\" target=\"_blank\" rel=\"nofollow noopener\">Red Bull Salzburg<\/a> an die Weser und setzt dort die historische \u00d6sterreich-Tradition fort. Bei den Norddeutschen geht der WM-Teilnehmer in den Konkurrenzkampf um den Platz im Tor der Gr\u00fcn-Wei\u00dfen mit <a title=\"Karl Hein\" href=\"https:\/\/www.transfermarkt.at\/karl-hein\/profil\/spieler\/493513\" target=\"_blank\" rel=\"nofollow noopener\">Karl Hein<\/a> (24), der in der vergangenen Saison Ersatzmann f\u00fcr den nach Freiburg abgewanderten <a title=\"Mio Backhaus\" href=\"https:\/\/www.transfermarkt.at\/mio-backhaus\/profil\/spieler\/620295\" target=\"_blank\" rel=\"nofollow noopener\">Mio Backhaus<\/a> (22) war und nun einen Vorsprung besitzt. Bisher galt als sicher, dass Hein beim SVW bis auf Weiteres als Nummer eins gesehen wird.<\/p>\n<p><\/p>\n<p>\u201eWir freuen uns, dass wir mit Alexander einen weiteren starken Keeper f\u00fcr uns gewinnen konnten. Wir sind davon \u00fcberzeugt, dass er sich sportlich und charakterlich sehr gut in unser Team einf\u00fcgen wird. Wir gehen damit mit einem sehr starken Torwartteam in die Saison, das sich immer wieder gegenseitig herausfordern wird. Das war bei den \u00dcberlegungen auf dieser Position unser Wunsch. Er wird wie alle WM-Fahrer nach unserem Trainingslager im Zillertal zum Team sto\u00dfen\u201c, erkl\u00e4rte Lizenzleiter Peter Niemeyer.<\/p>\n<p><\/p>\n<p>Schlager ist in der Transferhistorie der Bremer schon der 16. Spieler aus \u00d6sterreich. Im aktuellen Kader erweitert er die \u00d6FB-Riege aus Kapit\u00e4n <a href=\"https:\/\/www.transfermarkt.at\/marco-friedl\/profil\/spieler\/156990\" rel=\"nofollow noopener\" target=\"_blank\">Marco Friedl<\/a> (28), <a href=\"https:\/\/www.transfermarkt.at\/romano-schmid\/profil\/spieler\/346853\" rel=\"nofollow noopener\" target=\"_blank\">Romano Schmid<\/a> (26), und <a href=\"https:\/\/www.transfermarkt.at\/marco-grull\/profil\/spieler\/391766\" rel=\"nofollow noopener\" target=\"_blank\">Marco Gr\u00fcll<\/a> (28). Keine andere ausl\u00e4ndische Nation ist in der Geschichte Werders so h\u00e4ufig vertreten. Unter den Bundesliga-Klubs besch\u00e4ftigte lediglich Eintracht Frankfurt (18) mehr \u00f6sterreichische Spieler. Der FC Bayern und Schalke 04 hatten ebenfalls 16 in ihren Reihen, die in der ersten Mannschaft zum Einsatz kamen oder zu einem Spieltagsaufgebot geh\u00f6rten.<\/p>\n<p><\/p>\n<p>Die Verpflichtung Schlagers ging nach dem WM-Aus \u00d6sterreichs gegen Spanien (0:3) im Sechzehntelfinale flott \u00fcber die B\u00fchne. Den Bremern war es nach Darstellung der \u201eDeichstube\u201c wichtig, den Schlussmann sp\u00e4testens zum Trainingsauftakt am Sonntag an Bord zu haben. Das auf Werder spezialisierte Portal und die \u201eSalzburger Nachrichten\u201c berichteten zudem, dass keine Abl\u00f6se f\u00e4llig wird. Die Salzburger hatten ihren fr\u00fcheren Jugendspieler vor drei Jahren selbst abl\u00f6sefrei vom LASK zur\u00fcckgeholt. Nach drei Jahren bei den Bullen soll der Vertrag in Bremen nun ebenfalls drei Jahre bis 2029 g\u00fcltig sein. Werder selbst machte Vertragsdetails \u2013 wie \u00fcblich \u2013 nicht \u00f6ffentlich.<\/p>\n<p><\/p>\n<p>Schlager sagte: \u201eIch bin froh, ein Teil von Werder Bremen sein zu d\u00fcrfen, und kann es kaum erwarten, die Fans, den Verein und die Stadt kennenzulernen. Ich werde alles in diesem Trikot geben und m\u00f6chte den Klub bestm\u00f6glich pr\u00e4sentieren. Ich freue mich einfach auf alles, was vor mir liegt.\u201c<\/p>\n<p><\/p>\n<p>\n                                Hinweis:<br \/>\n                                Wenn du etwas googelst, bekommst du neben den normalen Ergebnissen auch eine Box mit aktuellen News angezeigt. Wenn du Transfermarkt als bevorzugte Quelle hinterlegst, tauchen unsere Inhalte dort h\u00e4ufiger f\u00fcr dich auf.<br \/>\n                                <a href=\"https:\/\/www.google.com\/preferences\/source?q=transfermarkt.at\" target=\"_blank\" rel=\"noopener noreferrer nofollow\" onclick=\"tmEvent(&#039;news&#039;,&#039;click&#039;,&#039;google-preferences&#039;);&#010;\"><br \/>\n                                    F\u00fcge Transfermarkt hier als bevorzugte Quelle hinzu.                                <\/a>\n                            <\/p>\n","protected":false},"excerpt":{"rendered":"Abl\u00f6sefrei trotz Restvertrags\u00a0 \u00a9IMAGO Werder Bremen verpflichtet \u00d6FB-Keeper und WM-Teilnehmer Alexander Schlager. Der 30-J\u00e4hrige wechselt Berichten zufolge abl\u00f6sefrei&hellip;\n","protected":false},"author":2,"featured_media":269415,"comment_status":"","ping_status":"","sticky":false,"template":"","format":"standard","meta":{"footnotes":"","_share_on_mastodon":"0"},"categories":[31],"tags":[7640,46,42,676,1061,44,192,3994],"class_list":["post-269414","post","type-post","status-publish","format-standard","has-post-thumbnail","category-salzburg","tag-alexander-schlager","tag-at","tag-austria","tag-bundesliga","tag-fc-red-bull-salzburg","tag-oesterreich","tag-salzburg","tag-sv-werder-bremen"],"share_on_mastodon":{"url":"https:\/\/pubeurope.com\/@at\/116905720261825783","error":""},"_links":{"self":[{"href":"https:\/\/www.europesays.com\/at\/wp-json\/wp\/v2\/posts\/269414","targetHints":{"allow":["GET"]}}],"collection":[{"href":"https:\/\/www.europesays.com\/at\/wp-json\/wp\/v2\/posts"}],"about":[{"href":"https:\/\/www.europesays.com\/at\/wp-json\/wp\/v2\/types\/post"}],"author":[{"embeddable":true,"href":"https:\/\/www.europesays.com\/at\/wp-json\/wp\/v2\/users\/2"}],"replies":[{"embeddable":true,"href":"https:\/\/www.europesays.com\/at\/wp-json\/wp\/v2\/comments?post=269414"}],"version-history":[{"count":0,"href":"https:\/\/www.europesays.com\/at\/wp-json\/wp\/v2\/posts\/269414\/revisions"}],"wp:featuredmedia":[{"embeddable":true,"href":"https:\/\/www.europesays.com\/at\/wp-json\/wp\/v2\/media\/269415"}],"wp:attachment":[{"href":"https:\/\/www.europesays.com\/at\/wp-json\/wp\/v2\/media?parent=269414"}],"wp:term":[{"taxonomy":"category","embeddable":true,"href":"https:\/\/www.europesays.com\/at\/wp-json\/wp\/v2\/categories?post=269414"},{"taxonomy":"post_tag","embeddable":true,"href":"https:\/\/www.europesays.com\/at\/wp-json\/wp\/v2\/tags?post=269414"}],"curies":[{"name":"wp","href":"https:\/\/api.w.org\/{rel}","templated":true}]}}