{"id":269684,"date":"2026-07-12T10:31:17","date_gmt":"2026-07-12T10:31:17","guid":{"rendered":"https:\/\/www.europesays.com\/at\/269684\/"},"modified":"2026-07-12T10:31:17","modified_gmt":"2026-07-12T10:31:17","slug":"dritte-hitzewelle-doch-diesmal-wird-das-hitze-wetter-in-deutschland-anders","status":"publish","type":"post","link":"https:\/\/www.europesays.com\/at\/269684\/","title":{"rendered":"Dritte Hitzewelle: Doch diesmal wird das Hitze-Wetter in Deutschland anders"},"content":{"rendered":"<p>&#8222;F\u00fcr Deutschland au\u00dfergew\u00f6hnlich hoch&#8220; <\/p>\n<p>Dritte Hitzewelle kommt \u2013 doch diesmal wird es anders<\/p>\n<p><img data-tb-author-image=\"\"  loading=\"lazy\" src=\"https:\/\/www.europesays.com\/at\/wp-content\/uploads\/2026\/05\/1779725893_217_image.jpg\" alt=\"\" title=\"\" width=\"40\" height=\"40\" class=\"\" decoding=\"async\"\/><\/p>\n<p>Aktualisiert am 12.07.2026 &#8211; 09:57 UhrLesedauer: 3 Min.<\/p>\n<p><a href=\"#focus-0\" class=\"transition-colors block text-current relative\" data-sctrack=\"FocusGalleryImage.Reference\"><img fetchpriority=\"high\" data-testid=\"Opener.Image\"   loading=\"eager\" src=\"https:\/\/www.europesays.com\/at\/wp-content\/uploads\/2026\/07\/1783852272_665_image.png\" alt=\"Karte zeigt die Schichtdicke und Luftdruck auf Meeresh\u00f6he: Das Hochdruckgebiet (Pink markiert) zieht aus Frankreich nach Deutschland und bringt die n\u00e4chste Hitzewelle mit sich.\" title=\"Karte zeigt die Schichtdicke und Luftdruck auf Meeresh\u00f6he: Das Hochdruckgebiet (Pink markiert) zieht aus Frankreich nach Deutschland und bringt die n\u00e4chste Hitzewelle mit sich.\" width=\"1094\" height=\"615\" class=\"bg-[url:var(--lqipURL)] bg-cover bg-center flex h-full w-full max-w-full\" style=\"--lqipURL:url('https:\/\/images.t-online.de\/2026\/07\/-8hDhMcJuWe9\/114x25:1094x615\/fit-in\/150x0\/filters:blur(25)\/image.png')\" decoding=\"async\"\/><img loading=\"lazy\" src=\"https:\/\/www.t-online.de\/s\/paper\/_next\/static\/media\/zoom-in.f7dae02f.svg\" alt=\"Vergr\u00f6\u00dfern des Bildes\" title=\"Vergr\u00f6\u00dfern des Bildes\" class=\"block h-[calc(var(--height)_\/_16_*_1rem)] w-[calc(var(--width)_\/_16_*_1rem)] max-w-none absolute right-8 bottom-8 rounded-4 bg-snow p-8\" style=\"--width:32;--height:32\" decoding=\"async\"\/><\/a><\/p>\n<p>Schichtdicke und Luftdruck: Das Hochdruckgebiet (in Pink) zieht aus Frankreich nach Deutschland und bringt die n\u00e4chste Hitzewelle mit sich. (Quelle: ECMWF)<\/p>\n<p><img loading=\"lazy\" src=\"https:\/\/www.t-online.de\/s\/paper\/_next\/static\/media\/audio-volume.6689034c.svg\" alt=\"\" title=\"\" class=\"block h-[calc(var(--height)_\/_16_*_1rem)] w-[calc(var(--width)_\/_16_*_1rem)] max-w-none group-hover:brightness-0 group-hover:invert\" style=\"--width:16;--height:16\" decoding=\"async\"\/>Vorlesen<\/p>\n<p>Aktuelle Zeit:0:00Gesamtdauer:0:00<\/p>\n<p>1x<\/p>\n<p class=\"text-center\">Jetzt neu bei t-online:<\/p>\n<p class=\"text-center\">Schriftgr\u00f6\u00dfe anpassen!<\/p>\n<p><img loading=\"lazy\" src=\"https:\/\/www.t-online.de\/s\/paper\/_next\/static\/media\/font-sizes.32942e33.svg\" alt=\"\" title=\"\" class=\"block h-[calc(var(--height)_\/_16_*_1rem)] w-[calc(var(--width)_\/_16_*_1rem)] max-w-none group-hover:hidden group-aria-expanded:hidden\" style=\"--width:16;--height:16\" decoding=\"async\"\/><img loading=\"lazy\" src=\"https:\/\/www.t-online.de\/s\/paper\/_next\/static\/media\/font-sizes-dark-mode.e382645c.svg\" alt=\"\" title=\"\" class=\"block h-[calc(var(--height)_\/_16_*_1rem)] w-[calc(var(--width)_\/_16_*_1rem)] max-w-none hidden group-hover:block group-aria-expanded:block\" style=\"--width:16;--height:16\" decoding=\"async\"\/><img loading=\"lazy\" src=\"https:\/\/www.t-online.de\/s\/paper\/_next\/static\/media\/sharing-menu-icon.1eb71368.svg\" alt=\"\" title=\"\" class=\"block h-[calc(var(--height)_\/_16_*_1rem)] w-[calc(var(--width)_\/_16_*_1rem)] max-w-none group-hover:brightness-0 group-hover:invert\" style=\"--width:16;--height:16\" decoding=\"async\"\/>Artikel teilen<\/p>\n<p class=\"font-bold text-18 leading-17 user-text-lg:text-22 user-text-xl:text-24\">Kommt jetzt die n\u00e4chste Extremhitze? Ein Wetterexperte erkl\u00e4rt, wann die n\u00e4chste Hitzewelle Deutschland erfasst, weshalb sie sich von der Junihitze unterscheidet und wie hei\u00df sie ausfallen wird.<\/p>\n<p class=\"text-18 leading-17 user-text-lg:text-22 user-text-xl:text-24\">Die <a href=\"https:\/\/koeln.t-online.de\/region\/koeln\/id_101337102\/wetter-koeln-und-nrw-neue-hitzewelle-bringt-bis-zu-37-grad-ab-sonntag.html\" class=\"transition-colors cursor-pointer no-underline md:hover:text-magenta md:focus:text-magenta border-b border-solid border-current text-salemsfur md:hover:border-magenta\" data-tracking=\"{&quot;action&quot;:&quot;click&quot;,&quot;category&quot;:&quot;intextLink&quot;,&quot;label&quot;:&quot;https:\/\/koeln.t-online.de\/region\/koeln\/id_101337102\/wetter-koeln-und-nrw-neue-hitzewelle-bringt-bis-zu-37-grad-ab-sonntag.html&quot;}\" data-sctrack=\"BodyAnchor\" rel=\"nofollow noopener\" target=\"_blank\">Wetterlage in Deutschland stellt sich zur zweiten Julih\u00e4lfte<\/a> grundlegend um. Ein Azorenhoch dehnt sich \u00fcber Mitteleuropa aus. Der Diplom-Meteorologe \u00d6zden Terli erkl\u00e4rt das Wettergeschehen f\u00fcr t-online: &#8222;Nach dem Durchzug des Sturmtiefs \u00fcber S\u00fcdskandinavien in Richtung Baltikum endet die <a href=\"https:\/\/www.t-online.de\/nachrichten\/panorama\/wetter\/id_101332480\/sturm-in-deutschland-amtliche-warnungen-in-mehr-als-300-kreisen-wetter.html\" class=\"transition-colors cursor-pointer no-underline md:hover:text-magenta md:focus:text-magenta border-b border-solid border-current text-salemsfur md:hover:border-magenta\" data-tracking=\"{&quot;action&quot;:&quot;click&quot;,&quot;category&quot;:&quot;intextLink&quot;,&quot;label&quot;:&quot;\/nachrichten\/panorama\/wetter\/id_101332480\/sturm-in-deutschland-amtliche-warnungen-in-mehr-als-300-kreisen-wetter.html&quot;}\" data-sctrack=\"BodyAnchor\" rel=\"nofollow noopener\" target=\"_blank\">derzeitige k\u00fchle und wechselhafte Wetterphase<\/a>. Anschlie\u00dfend setzt sich ein Hochdruckgebiet durch, das die Temperaturen wieder deutlich ansteigen l\u00e4sst.&#8220;<\/p>\n<p class=\"text-18 leading-17 user-text-lg:text-22 user-text-xl:text-24\">Die hei\u00dfeste Luft verbleibe zun\u00e4chst zwar \u00fcber <a href=\"https:\/\/www.t-online.de\/themen\/frankreich\/\" class=\"transition-colors cursor-pointer no-underline md:hover:text-magenta md:focus:text-magenta border-b border-solid border-current text-salemsfur md:hover:border-magenta\" data-tracking=\"{&quot;action&quot;:&quot;click&quot;,&quot;category&quot;:&quot;intextLink&quot;,&quot;label&quot;:&quot;\/themen\/frankreich\/&quot;}\" data-sctrack=\"BodyAnchor\" rel=\"nofollow noopener\" target=\"_blank\">Frankreich<\/a>, die <a href=\"https:\/\/www.t-online.de\/nachrichten\/panorama\/wetter\/id_101327700\/hitzewelle-in-europa-urlaubslaender-bereiten-sich-auf-gefaehrliche-hitze-vor.html\" class=\"transition-colors cursor-pointer no-underline md:hover:text-magenta md:focus:text-magenta border-b border-solid border-current text-salemsfur md:hover:border-magenta\" data-tracking=\"{&quot;action&quot;:&quot;click&quot;,&quot;category&quot;:&quot;intextLink&quot;,&quot;label&quot;:&quot;\/nachrichten\/panorama\/wetter\/id_101327700\/hitzewelle-in-europa-urlaubslaender-bereiten-sich-auf-gefaehrliche-hitze-vor.html&quot;}\" data-sctrack=\"BodyAnchor\" rel=\"nofollow noopener\" target=\"_blank\">Hitze halte jedoch zum Wochenende auch in Deutschland Einzug<\/a>. &#8222;Nach derzeitigem Stand deutet vieles auf eine sogenannte Omega-Lage hin. Die gro\u00dfen Wettermodelle stimmen derzeit weitgehend darin \u00fcberein, dass sich diese Lage etabliert und mindestens bis Anfang oder Mitte der kommenden Woche bestehen bleibt&#8220;, erl\u00e4utert der Wetterexperte des <a href=\"https:\/\/www.t-online.de\/themen\/zdf\/\" class=\"transition-colors cursor-pointer no-underline md:hover:text-magenta md:focus:text-magenta border-b border-solid border-current text-salemsfur md:hover:border-magenta\" data-tracking=\"{&quot;action&quot;:&quot;click&quot;,&quot;category&quot;:&quot;intextLink&quot;,&quot;label&quot;:&quot;\/themen\/zdf\/&quot;}\" data-sctrack=\"BodyAnchor\" rel=\"nofollow noopener\" target=\"_blank\">ZDF<\/a>.<\/p>\n<p>Wetter: <a href=\"https:\/\/www.t-online.de\/nachrichten\/panorama\/wetter\/id_101339002\/wetter-afrika-hitze-erreicht-italien-45-grad-in-der-spitze.html\" class=\"transition-colors cursor-pointer no-underline md:hover:text-magenta md:focus:text-magenta border-b border-solid border-current text-salemsfur md:hover:border-magenta\" data-tracking=\"{&quot;action&quot;:&quot;click&quot;,&quot;category&quot;:&quot;intextLink&quot;,&quot;label&quot;:&quot;\/nachrichten\/panorama\/wetter\/id_101339002\/wetter-afrika-hitze-erreicht-italien-45-grad-in-der-spitze.html&quot;}\" data-sctrack=\"BodyAnchor\" rel=\"nofollow noopener\" target=\"_blank\">Afrika-Hitze erreicht Italien \u2013 45 Grad in der Spitze<\/a>Hitzewelle: <a href=\"https:\/\/www.t-online.de\/nachrichten\/panorama\/wetter\/id_101328720\/hitzewelle-hitze-wetter-kehrt-nach-deutschland-zurueck-aber-wie-lange-.html\" class=\"transition-colors cursor-pointer no-underline md:hover:text-magenta md:focus:text-magenta border-b border-solid border-current text-salemsfur md:hover:border-magenta\" data-tracking=\"{&quot;action&quot;:&quot;click&quot;,&quot;category&quot;:&quot;intextLink&quot;,&quot;label&quot;:&quot;\/nachrichten\/panorama\/wetter\/id_101328720\/hitzewelle-hitze-wetter-kehrt-nach-deutschland-zurueck-aber-wie-lange-.html&quot;}\" data-sctrack=\"BodyAnchor\" rel=\"nofollow noopener\" target=\"_blank\">Hitze-Wetter kehrt nach Deutschland zur\u00fcck \u2013 aber wie lange?<\/a><\/p>\n<p>Hitze erreicht in Deutschland am Samstag 36,6 Grad<\/p>\n<p class=\"text-18 leading-17 user-text-lg:text-22 user-text-xl:text-24\">Am Samstag kletterten die Temperaturen fast in ganz Deutschland auf 25 bis 30 Grad. Im Westen und S\u00fcdwesten war es deutlich hei\u00dfer. Ein paar Beispiele: In Buchenbach (S\u00fcdschwarzwald) wurden 33,8 Grad gemessen, in Emmendingen (Breisgau) 33,9 Grad, in Elzach-Fisnacht (Breisgau) 34,4 Grad, in Freiburg 35,1 Grad und in M\u00fcllheim (Markgr\u00e4flerland) 35,5 Grad. Den Tagesrekord vom Samstag h\u00e4lt vorerst Rheinfelden am Hochrhein (Baden) mit 36,6 Grad.<\/p>\n<p>Hitzewelle hat H\u00f6hepunkt noch nicht erreicht<\/p>\n<p class=\"text-18 leading-17 user-text-lg:text-22 user-text-xl:text-24\">Und die <a href=\"https:\/\/www.t-online.de\/themen\/hitzewelle\/\" class=\"transition-colors cursor-pointer no-underline md:hover:text-magenta md:focus:text-magenta border-b border-solid border-current text-salemsfur md:hover:border-magenta\" data-tracking=\"{&quot;action&quot;:&quot;click&quot;,&quot;category&quot;:&quot;intextLink&quot;,&quot;label&quot;:&quot;\/themen\/hitzewelle\/&quot;}\" data-sctrack=\"BodyAnchor\" rel=\"nofollow noopener\" target=\"_blank\">Hitzewelle<\/a> intensiviert sich weiter. Einige Modellrechnungen sehen im weiteren Verlauf in der Spitze Werte zwischen 37 und 39 Grad.<\/p>\n<p><a href=\"#focus-1\" class=\"transition-colors block text-current relative\" data-sctrack=\"FocusGalleryImage.Reference\"><img   loading=\"lazy\" src=\"https:\/\/www.europesays.com\/at\/wp-content\/uploads\/2026\/07\/karte-zeigt-die-temperaturprognose-fuer-den-15-juli-nach-einem-lauf-des-ecmwf-wettermodells.png\" alt=\"Karte zeigt die Temperaturprognose f\u00fcr den 15. Juli nach einem lauf des ECMWF-Wettermodells. Deutschland steht vor der dritten Hitzewelle des Jahres.\" title=\"Karte zeigt die Temperaturprognose f\u00fcr den 15. Juli nach einem lauf des ECMWF-Wettermodells. Deutschland steht vor der dritten Hitzewelle des Jahres.\" width=\"1092\" height=\"1440\" class=\"h-full w-full max-w-full rounded-8\" decoding=\"async\"\/><img loading=\"lazy\" src=\"https:\/\/www.t-online.de\/s\/paper\/_next\/static\/media\/zoom-in.f7dae02f.svg\" alt=\"Vergr\u00f6\u00dfern des Bildes\" title=\"Vergr\u00f6\u00dfern des Bildes\" class=\"block h-[calc(var(--height)_\/_16_*_1rem)] w-[calc(var(--width)_\/_16_*_1rem)] max-w-none absolute right-8 bottom-8 rounded-4 bg-snow p-8\" style=\"--width:32;--height:32\" decoding=\"async\"\/>Die Temperaturprognose f\u00fcr den 15. Juli nach einem Lauf des ECMWF-Wettermodells. (Quelle: meteociel.fr\/ECMWF)<\/a><\/p>\n<p>Neue Hitzewelle unterscheidet sich von der Junihitze<\/p>\n<p class=\"text-18 leading-17 user-text-lg:text-22 user-text-xl:text-24\">Nach den Berechnungen des europ\u00e4ischen Wettermodells bleibt das Hoch mindestens bis zum 18. Juli wetterbestimmend. W\u00e4hrend im Osten einzelne kurze Gewitterschauer nicht ausgeschlossen werden k\u00f6nnen, dominiert im Rest Deutschlands sonniges und trockenes Sommerwetter.<\/p>\n<p class=\"text-18 leading-17 user-text-lg:text-22 user-text-xl:text-24\">Im <a href=\"https:\/\/www.t-online.de\/nachrichten\/panorama\/wetter\/id_101311502\/wetterkarten-zeigen-extremhitze-heat-dome-legt-sich-ueber-deutschland.html\" class=\"transition-colors cursor-pointer no-underline md:hover:text-magenta md:focus:text-magenta border-b border-solid border-current text-salemsfur md:hover:border-magenta\" data-tracking=\"{&quot;action&quot;:&quot;click&quot;,&quot;category&quot;:&quot;intextLink&quot;,&quot;label&quot;:&quot;\/nachrichten\/panorama\/wetter\/id_101311502\/wetterkarten-zeigen-extremhitze-heat-dome-legt-sich-ueber-deutschland.html&quot;}\" data-sctrack=\"BodyAnchor\" rel=\"nofollow noopener\" target=\"_blank\">Unterschied zu der vergangenen Hitzewelle<\/a> soll aber die Luft zun\u00e4chst vergleichsweise trocken bleiben. Die Taupunkte liegen \u00fcberwiegend in einem angenehmen Bereich, sodass die Hitze weniger belastend empfunden werden d\u00fcrfte als bei schw\u00fclwarmer Witterung.<\/p>\n<p><img   loading=\"lazy\" src=\"https:\/\/www.europesays.com\/at\/wp-content\/uploads\/2026\/07\/1783852277_89_image.png\" alt=\"Die Abbildung der Taupunkttemperatur\" title=\"Die Abbildung der Taupunkttemperatur\" width=\"857\" height=\"571\" class=\"h-full w-full max-w-full rounded-8\" decoding=\"async\"\/>Die Abbildung der Taupunkttemperatur (Quelle: ECMWF)Taupunkt<\/p>\n<p class=\"pt-8 text-14 md:pt-8 leading-17 user-text-lg:text-22 user-text-xl:text-24\">Der Taupunkt oder die Taupunkttemperatur ist ein Ma\u00df zur Erfassung der Feuchtigkeit in der Luft. Dieser ist meistens niedriger als die Lufttemperatur und wird in Grad angegeben. Sobald der Taupunkt und die Lufttemperatur gleich sind, betr\u00e4gt die Luftfeuchtigkeit 100 Prozent.<\/p>\n","protected":false},"excerpt":{"rendered":"&#8222;F\u00fcr Deutschland au\u00dfergew\u00f6hnlich hoch&#8220; Dritte Hitzewelle kommt \u2013 doch diesmal wird es anders Aktualisiert am 12.07.2026 &#8211; 09:57&hellip;\n","protected":false},"author":2,"featured_media":269685,"comment_status":"","ping_status":"","sticky":false,"template":"","format":"standard","meta":{"footnotes":"","_share_on_mastodon":"0"},"categories":[8],"tags":[2171,20350,31495,47959,72839,257,72841,24878,38679,532,9019,41319,72844,1012,72837,72842,40,41,72843,39,72840,72838,3968,72845,38,70126],"class_list":["post-269684","post","type-post","status-publish","format-standard","has-post-thumbnail","category-nachrichten","tag-2171","tag-baden","tag-baltikum","tag-breisgau","tag-buchenbach","tag-deutschland","tag-elzach-fisnacht","tag-emmendingen","tag-extremhitze","tag-frankreich","tag-freiburg","tag-hitzewelle","tag-hochrhein","tag-italien","tag-junihitze","tag-muellheim","tag-nachrichten","tag-news","tag-rheinfelden","tag-schlagzeilen","tag-suedschwarzwald","tag-suedskandinavien","tag-t-online","tag-taupunkt","tag-top-meldungen","tag-wettermodell"],"share_on_mastodon":{"url":"https:\/\/pubeurope.com\/@at\/116906550374145946","error":""},"_links":{"self":[{"href":"https:\/\/www.europesays.com\/at\/wp-json\/wp\/v2\/posts\/269684","targetHints":{"allow":["GET"]}}],"collection":[{"href":"https:\/\/www.europesays.com\/at\/wp-json\/wp\/v2\/posts"}],"about":[{"href":"https:\/\/www.europesays.com\/at\/wp-json\/wp\/v2\/types\/post"}],"author":[{"embeddable":true,"href":"https:\/\/www.europesays.com\/at\/wp-json\/wp\/v2\/users\/2"}],"replies":[{"embeddable":true,"href":"https:\/\/www.europesays.com\/at\/wp-json\/wp\/v2\/comments?post=269684"}],"version-history":[{"count":0,"href":"https:\/\/www.europesays.com\/at\/wp-json\/wp\/v2\/posts\/269684\/revisions"}],"wp:featuredmedia":[{"embeddable":true,"href":"https:\/\/www.europesays.com\/at\/wp-json\/wp\/v2\/media\/269685"}],"wp:attachment":[{"href":"https:\/\/www.europesays.com\/at\/wp-json\/wp\/v2\/media?parent=269684"}],"wp:term":[{"taxonomy":"category","embeddable":true,"href":"https:\/\/www.europesays.com\/at\/wp-json\/wp\/v2\/categories?post=269684"},{"taxonomy":"post_tag","embeddable":true,"href":"https:\/\/www.europesays.com\/at\/wp-json\/wp\/v2\/tags?post=269684"}],"curies":[{"name":"wp","href":"https:\/\/api.w.org\/{rel}","templated":true}]}}