{"id":270575,"date":"2026-07-12T21:56:10","date_gmt":"2026-07-12T21:56:10","guid":{"rendered":"https:\/\/www.europesays.com\/at\/270575\/"},"modified":"2026-07-12T21:56:10","modified_gmt":"2026-07-12T21:56:10","slug":"oevp-mayer-35-000-euro-fuer-fitnessgeraete-am-meidlinger-friedhof-sind-voellig-fehl-am-platz","status":"publish","type":"post","link":"https:\/\/www.europesays.com\/at\/270575\/","title":{"rendered":"\u00d6VP \u2013 Mayer: 35.000 Euro f\u00fcr Fitnessger\u00e4te am Meidlinger Friedhof sind v\u00f6llig fehl am Platz"},"content":{"rendered":"<p>Wien (OTS) &#8211;\u00a0<\/p>\n<p>Nach einem Bericht der \u201eKronen Zeitung\u201c \u00fcber die Kosten der Fitnessanlage am Meidlinger Friedhof erneuert der Meidlinger Bezirksparteiobmann und Gemeinderat Lorenz Mayer seine Kritik an dem Projekt. Laut Bericht wurden f\u00fcr Fitnessger\u00e4te, Plauderbankerl, einen Spazierweg und weitere Ma\u00dfnahmen mehr als 35.000 Euro ausgegeben.<\/p>\n<p>\u201eW\u00e4hrend viele Wienerinnen und Wiener unter steigenden Lebenshaltungskosten leiden und die Stadt an allen Ecken sparen m\u00fcsste, werden mehr als 35.000 Euro f\u00fcr Fitnessger\u00e4te auf einem Friedhof ausgegeben. Das zeigt einmal mehr, dass SP\u00d6 und Neos v\u00f6llig falsche Priorit\u00e4ten setzen\u201c, so Mayer.<\/p>\n<p>Gerade Friedh\u00f6fe seien Orte der Ruhe, des Gedenkens und der Piet\u00e4t. \u201eImmer mehr Menschen k\u00f6nnen diese Entscheidung nicht nachvollziehen. Statt Steuergeld f\u00fcr fragw\u00fcrdige Prestigeprojekte auszugeben, sollte sich die Stadt auf ihre Kernaufgaben konzentrieren und den w\u00fcrdevollen Charakter unserer Friedh\u00f6fe bewahren.\u201c<\/p>\n<p>\u201eDie nun bekannt gewordenen Kosten best\u00e4tigen unsere Kritik. Friedh\u00f6fe d\u00fcrfen nicht schrittweise zu Freizeitfl\u00e4chen umfunktioniert werden. Sie m\u00fcssen Orte der Erinnerung und des respektvollen Gedenkens bleiben\u201c, so Mayer abschlie\u00dfend.<\/p>\n<p _ngcontent-ng-c403161360=\"\"> OTS-ORIGINALTEXT PRESSEAUSSENDUNG UNTER AUSSCHLIESSLICHER<br \/>\nINHALTLICHER VERANTWORTUNG DES AUSSENDERS &#8211; WWW.OTS.AT | VPR<\/p>\n","protected":false},"excerpt":{"rendered":"Wien (OTS) &#8211;\u00a0 Nach einem Bericht der \u201eKronen Zeitung\u201c \u00fcber die Kosten der Fitnessanlage am Meidlinger Friedhof erneuert&hellip;\n","protected":false},"author":2,"featured_media":195579,"comment_status":"","ping_status":"","sticky":false,"template":"","format":"standard","meta":{"footnotes":"","_share_on_mastodon":"0"},"categories":[6],"tags":[26393,26395,46,42,13020,270,11389,4776,44,26394,413,269,43,45,182],"class_list":["post-270575","post","type-post","status-publish","format-standard","has-post-thumbnail","category-oesterreich","tag-apa","tag-apa-ots","tag-at","tag-austria","tag-friedhoefe","tag-gesellschaft","tag-mayer","tag-meidling","tag-oesterreich","tag-ots","tag-oevp","tag-politik","tag-republic-of-austria","tag-republik-oesterreich","tag-wien"],"share_on_mastodon":{"url":"https:\/\/pubeurope.com\/@at\/116909243453332718","error":""},"_links":{"self":[{"href":"https:\/\/www.europesays.com\/at\/wp-json\/wp\/v2\/posts\/270575","targetHints":{"allow":["GET"]}}],"collection":[{"href":"https:\/\/www.europesays.com\/at\/wp-json\/wp\/v2\/posts"}],"about":[{"href":"https:\/\/www.europesays.com\/at\/wp-json\/wp\/v2\/types\/post"}],"author":[{"embeddable":true,"href":"https:\/\/www.europesays.com\/at\/wp-json\/wp\/v2\/users\/2"}],"replies":[{"embeddable":true,"href":"https:\/\/www.europesays.com\/at\/wp-json\/wp\/v2\/comments?post=270575"}],"version-history":[{"count":0,"href":"https:\/\/www.europesays.com\/at\/wp-json\/wp\/v2\/posts\/270575\/revisions"}],"wp:featuredmedia":[{"embeddable":true,"href":"https:\/\/www.europesays.com\/at\/wp-json\/wp\/v2\/media\/195579"}],"wp:attachment":[{"href":"https:\/\/www.europesays.com\/at\/wp-json\/wp\/v2\/media?parent=270575"}],"wp:term":[{"taxonomy":"category","embeddable":true,"href":"https:\/\/www.europesays.com\/at\/wp-json\/wp\/v2\/categories?post=270575"},{"taxonomy":"post_tag","embeddable":true,"href":"https:\/\/www.europesays.com\/at\/wp-json\/wp\/v2\/tags?post=270575"}],"curies":[{"name":"wp","href":"https:\/\/api.w.org\/{rel}","templated":true}]}}