{"id":271420,"date":"2026-07-13T10:34:14","date_gmt":"2026-07-13T10:34:14","guid":{"rendered":"https:\/\/www.europesays.com\/at\/271420\/"},"modified":"2026-07-13T10:34:14","modified_gmt":"2026-07-13T10:34:14","slug":"was-wir-bei-der-anmeldung-fuer-die-kommentarspalten-umstellen","status":"publish","type":"post","link":"https:\/\/www.europesays.com\/at\/271420\/","title":{"rendered":"Was wir bei der Anmeldung f\u00fcr die Kommentarspalten umstellen"},"content":{"rendered":"<p>Was muss ich tun, wenn ich schon ein ARD-Konto habe?<\/p>\n<p>Dann k\u00f6nnt Ihr Euch damit sofort in den BR24-Kommentarspalten anmelden. Einzige Bedingung: Die E-Mail-Adressen m\u00fcssen \u00fcbereinstimmen. Im Hintergrund wird dies gepr\u00fcft. Gibt es eine \u00dcbereinstimmung, werden das BR-Konto und das ARD-Konto automatisch verkn\u00fcpft. Eure bisherigen Kommentare und Euer Nutzername bleiben erhalten \u2013 Ihr k\u00f6nnt anschlie\u00dfend weiter wie gewohnt kommentieren. <\/p>\n<p>Klickt daf\u00fcr wie gewohnt in den Kommentarspalten auf &#8222;Anmelden&#8220;. W\u00e4hlt im sich \u00f6ffnenden Fenster direkt den unteren Button &#8222;Anmelden mit ARD Login&#8220;. Gebt dann Eure E-Mail-Adresse und das Passwort des ARD-Kontos ein. Anschlie\u00dfend werdet Ihr zur Sicherheit f\u00fcr die Verkn\u00fcpfung gebeten, zus\u00e4tzlich das Passwort Eures bisherigen BR-Kontos einzugeben.<\/p>\n<p>Nicht wundern: Solltet Ihr im ARD-Konto einen sogenannten Anzeigenamen hinterlegt haben, gilt dieser nicht f\u00fcr die BR24-Kommentarspalten. Dort bleibt Euer gewohnter Username erhalten.<\/p>\n<p>Was muss ich tun, wenn ich ein ARD-Konto habe, das unter einer anderen E-Mail-Adresse l\u00e4uft? <\/p>\n<p>Dann m\u00fcsst Ihr zun\u00e4chst die E-Mail-Adresse im BR-Konto anpassen. <\/p>\n<p>Das geht direkt im Kommentarbereich von BR24:<\/p>\n<p>&#8222;Mein Benutzerprofil&#8220; \u2192 &#8222;Benutzerkonto&#8220;<\/p>\n<p>\u00c4ndert dort die E-Mail-Adresse so, dass sie mit der Adresse Eures ARD-Kontos \u00fcbereinstimmt. Anschlie\u00dfend k\u00f6nnt Ihr Euch mit dem ARD-Login in den Kommentarspalten anmelden und die Konten verkn\u00fcpfen (siehe Schritt dr\u00fcber).<\/p>\n<p>Was muss ich tun, wenn ich noch kein ARD-Konto habe? <\/p>\n<p>Wer bislang kein ARD-Konto hat, aber schon Teil unserer Community ist, kann sich direkt \u00fcber &#8222;Konto erstellen&#8220; ein solches Konto anlegen. Anschlie\u00dfend werdet Ihr durch den ARD-Login-Registrierungsprozess gelotst: Gebt die E-Mail-Adresse ein, die Ihr bereits f\u00fcr das BR-Konto nutzt. Vergebt ein Passwort. Anschlie\u00dfend sollt Ihr einen Profilnamen eingeben \u2013 wichtig: Dieser ist nicht \u00f6ffentlich einsehbar. Schaut anschlie\u00dfend in Euer Mail-Postfach und best\u00e4tigt die E-Mail-Adresse. Ihr werdet noch einmal gebeten, das neue Passwort einzugeben. Um den Registrierungsprozess abzuschlie\u00dfen, werdet Ihr \u00fcber eine gr\u00fcne Box aufgefordert, Euch direkt anzumelden. Klickt im sich \u00f6ffnenden Fenster auf &#8222;Anmelden mit ARD Login&#8220;. Zur Sicherheit werdet Ihr vor der Verkn\u00fcpfung der Konten noch einmal gebeten, Euer altes Passwort vom BR-Konto einzugeben.<\/p>\n<p>Was passiert, wenn ich nicht auf das neue Konto umstelle?<\/p>\n<p>Sobald nur noch das ARD-Login verf\u00fcgbar ist, ist es nicht mehr m\u00f6glich, auf das alte BR-Konto und Eure bisherigen Kommentare zuzugreifen. Es lohnt sich also, den Wechsel zeitnah durchzuf\u00fchren. Kommentare, die Ihr bislang geschrieben habt, bleiben zwar sichtbar. Der dazugeh\u00f6rige Nutzername wird jedoch anonymisiert, wenn das Konto nicht verkn\u00fcpft wurde. Auf die Kommentare kann dann nicht mehr zugegriffen werden.<\/p>\n<p>Wer zu sp\u00e4t ein ARD-Konto anlegt, kann zwar die E-Mail-Adresse des BR-Kontos noch verwenden, die Kommentare k\u00f6nnen aber dann nicht mehr \u00fcbernommen werden. <\/p>\n<p>Wer ganz neu dazukommen m\u00f6chte<\/p>\n<p>Wer als neuer Nutzer Teil unserer Community werden will, kann sich ab sofort direkt ein ARD-Konto anlegen und dieses auch f\u00fcr unsere Kommentarspalten nutzen. Registriert Euch gern <a href=\"https:\/\/accounts.ard.de\/registrieren?redirect_uri=https%3A%2F%2Fwww.br.de%2Fnachrichten%2Fwissen%2Fwas-wir-bei-der-anmeldung-fuer-die-kommentarspalten-umstellen%2CVNXeTYn%23comments\" rel=\"nofollow noopener\" target=\"_blank\">hier<\/a>.<\/p>\n<p>Was ist mit dem Datenschutz?<\/p>\n<p>Alle Informationen zum Datenschutz bez\u00fcglich unserer Kommentarspalten findet Ihr <a href=\"https:\/\/www.br.de\/unternehmen\/service\/datenschutz\/datenschutz-br-artikel-kommentieren-100.html\" rel=\"nofollow noopener\" target=\"_blank\">hier<\/a>.<\/p>\n<p>Wenn Ihr weitere Fragen habt, meldet Euch unter BR24.Feedback@br.de bei uns. <\/p>\n","protected":false},"excerpt":{"rendered":"Was muss ich tun, wenn ich schon ein ARD-Konto habe? Dann k\u00f6nnt Ihr Euch damit sofort in den&hellip;\n","protected":false},"author":2,"featured_media":271421,"comment_status":"","ping_status":"","sticky":false,"template":"","format":"standard","meta":{"footnotes":"","_share_on_mastodon":"0"},"categories":[25],"tags":[73256,46,42,73257,147,12343,44,156,155,148],"class_list":["post-271420","post","type-post","status-publish","format-standard","has-post-thumbnail","category-serien","tag-ard-login","tag-at","tag-austria","tag-community-management","tag-entertainment","tag-kommentar","tag-oesterreich","tag-serien","tag-series","tag-unterhaltung"],"share_on_mastodon":{"url":"https:\/\/pubeurope.com\/@at\/116912224148689927","error":""},"_links":{"self":[{"href":"https:\/\/www.europesays.com\/at\/wp-json\/wp\/v2\/posts\/271420","targetHints":{"allow":["GET"]}}],"collection":[{"href":"https:\/\/www.europesays.com\/at\/wp-json\/wp\/v2\/posts"}],"about":[{"href":"https:\/\/www.europesays.com\/at\/wp-json\/wp\/v2\/types\/post"}],"author":[{"embeddable":true,"href":"https:\/\/www.europesays.com\/at\/wp-json\/wp\/v2\/users\/2"}],"replies":[{"embeddable":true,"href":"https:\/\/www.europesays.com\/at\/wp-json\/wp\/v2\/comments?post=271420"}],"version-history":[{"count":0,"href":"https:\/\/www.europesays.com\/at\/wp-json\/wp\/v2\/posts\/271420\/revisions"}],"wp:featuredmedia":[{"embeddable":true,"href":"https:\/\/www.europesays.com\/at\/wp-json\/wp\/v2\/media\/271421"}],"wp:attachment":[{"href":"https:\/\/www.europesays.com\/at\/wp-json\/wp\/v2\/media?parent=271420"}],"wp:term":[{"taxonomy":"category","embeddable":true,"href":"https:\/\/www.europesays.com\/at\/wp-json\/wp\/v2\/categories?post=271420"},{"taxonomy":"post_tag","embeddable":true,"href":"https:\/\/www.europesays.com\/at\/wp-json\/wp\/v2\/tags?post=271420"}],"curies":[{"name":"wp","href":"https:\/\/api.w.org\/{rel}","templated":true}]}}