{"id":271673,"date":"2026-07-13T13:13:09","date_gmt":"2026-07-13T13:13:09","guid":{"rendered":"https:\/\/www.europesays.com\/at\/271673\/"},"modified":"2026-07-13T13:13:09","modified_gmt":"2026-07-13T13:13:09","slug":"ranking-bauwirtschaft-wer-oesterreich-wirklich-baut-oesterreichs-150-groesste-baufirmen-im-grossen-ranking","status":"publish","type":"post","link":"https:\/\/www.europesays.com\/at\/271673\/","title":{"rendered":"Ranking Bauwirtschaft: Wer \u00d6sterreich wirklich baut: \u00d6sterreichs 150 gr\u00f6\u00dfte Baufirmen im gro\u00dfen Ranking"},"content":{"rendered":"<p>Um unser Ranking zu erstellen, haben wir auch heuer wieder ein Online-Tool zur Datenerhebung verwendet: Die Verantwortlichen in den Unternehmen konnten ihre Daten direkt in eine Datenbank eingeben, aus der wir sie weiterverarbeitet haben.<\/p>\n<p>Bei jenen Unternehmen, die ihre Daten trotz Nachfassaktion nicht eingegeben haben, haben wir zun\u00e4chst versucht, die entsprechenden Zahlen selbst zu ermitteln. Wo auch dies mangels Daten nicht m\u00f6glich war, haben wir unseren bew\u00e4hrten Partner, den KSV1870, gebeten, uns seine Informationen \u00fcber Ums\u00e4tze und Mitarbeiterzahlen der s\u00e4umigen Unternehmen zur Verf\u00fcgung zu stellen.<\/p>\n<p>Die Datenlage in einem Ranking dieser Gr\u00f6\u00dfe ist anspruchsvoll, und sie ver\u00e4ndert sich laufend durch Umfirmierungen, Konzern- und Holdingmeldungen. Wir haben uns wie gewohnt gro\u00dfe M\u00fche gegeben, eine bis ins Detail korrekte Aufstellung zu erarbeiten, auch der Eigentumsverh\u00e4ltnisse und Beteiligungen.<\/p>\n<p>Wir w\u00fcnschen eine interessante Lekt\u00fcre!<\/p>\n","protected":false},"excerpt":{"rendered":"Um unser Ranking zu erstellen, haben wir auch heuer wieder ein Online-Tool zur Datenerhebung verwendet: Die Verantwortlichen in&hellip;\n","protected":false},"author":2,"featured_media":271674,"comment_status":"","ping_status":"","sticky":false,"template":"","format":"standard","meta":{"footnotes":"","_share_on_mastodon":"0"},"categories":[14],"tags":[46,42,12480,6300,12477,12476,6546,95,90,89,12485,12478,5700,12484,91,94,12483,44,12482,12479,93,92,12481],"class_list":["post-271673","post","type-post","status-publish","format-standard","has-post-thumbnail","category-unternehmen-maerkte","tag-at","tag-austria","tag-baurecht","tag-baustoffe","tag-bautechnik","tag-bauwirtschaft","tag-bim","tag-business","tag-companies","tag-companies-markets","tag-fassaden","tag-hochbau","tag-immobilien","tag-leichtbau","tag-markets","tag-maerkte","tag-massivbau","tag-oesterreich","tag-schalung","tag-tiefbau","tag-unternehmen","tag-unternehmen-maerkte","tag-vergaberecht"],"share_on_mastodon":{"url":"https:\/\/pubeurope.com\/@at\/116912849307037942","error":""},"_links":{"self":[{"href":"https:\/\/www.europesays.com\/at\/wp-json\/wp\/v2\/posts\/271673","targetHints":{"allow":["GET"]}}],"collection":[{"href":"https:\/\/www.europesays.com\/at\/wp-json\/wp\/v2\/posts"}],"about":[{"href":"https:\/\/www.europesays.com\/at\/wp-json\/wp\/v2\/types\/post"}],"author":[{"embeddable":true,"href":"https:\/\/www.europesays.com\/at\/wp-json\/wp\/v2\/users\/2"}],"replies":[{"embeddable":true,"href":"https:\/\/www.europesays.com\/at\/wp-json\/wp\/v2\/comments?post=271673"}],"version-history":[{"count":0,"href":"https:\/\/www.europesays.com\/at\/wp-json\/wp\/v2\/posts\/271673\/revisions"}],"wp:featuredmedia":[{"embeddable":true,"href":"https:\/\/www.europesays.com\/at\/wp-json\/wp\/v2\/media\/271674"}],"wp:attachment":[{"href":"https:\/\/www.europesays.com\/at\/wp-json\/wp\/v2\/media?parent=271673"}],"wp:term":[{"taxonomy":"category","embeddable":true,"href":"https:\/\/www.europesays.com\/at\/wp-json\/wp\/v2\/categories?post=271673"},{"taxonomy":"post_tag","embeddable":true,"href":"https:\/\/www.europesays.com\/at\/wp-json\/wp\/v2\/tags?post=271673"}],"curies":[{"name":"wp","href":"https:\/\/api.w.org\/{rel}","templated":true}]}}