{"id":271981,"date":"2026-07-13T16:26:11","date_gmt":"2026-07-13T16:26:11","guid":{"rendered":"https:\/\/www.europesays.com\/at\/271981\/"},"modified":"2026-07-13T16:26:11","modified_gmt":"2026-07-13T16:26:11","slug":"wien-prueft-nachtfahrverbot-gegen-autoposer","status":"publish","type":"post","link":"https:\/\/www.europesays.com\/at\/271981\/","title":{"rendered":"Wien pr\u00fcft Nachtfahrverbot gegen Autoposer"},"content":{"rendered":"<p>Nach einer Schwerpunktaktion gegen die Autoposerszene denkt der Bezirk Innere Stadt \u00fcber ein Nachtfahrverbot nach. Ziel ist es, Anrainerinnen und Anrainer k\u00fcnftig besser vor L\u00e4rm zu sch\u00fctzen.<\/p>\n<p>Nach einer Schwerpunktaktion der Polizei gegen die Autoposerszene in der Wiener Innenstadt k\u00f6nnte es k\u00fcnftig zu weiteren Ma\u00dfnahmen kommen.<\/p>\n<p>Der Bezirk Innere Stadt spricht sich daf\u00fcr aus, ein zeitlich beschr\u00e4nktes Nachtfahrverbot oder Zufahrtsbeschr\u00e4nkungen ab 22 Uhr pr\u00fcfen zu lassen.<\/p>\n<p>66 Anzeigen bei Schwerpunktkontrolle<\/p>\n<p>Ausl\u00f6ser der Debatte ist eine Polizeikontrolle am vergangenen Wochenende in der Rotenturmstra\u00dfe. Dabei wurden laut Polizei 66 Anzeigen und 30 Organmandate ausgestellt.<\/p>\n<p>Nach Angaben der Exekutive versuchen vor allem in den N\u00e4chten von Donnerstag bis Sonntag zahlreiche Lenker mit laut aufheulenden Motoren Aufmerksamkeit zu erregen. Viele Fahrzeuge seien nur f\u00fcr das Wochenende gemietet.<\/p>\n<p>Bezirk fordert Entlastung f\u00fcr Anrainer<\/p>\n<p>Bezirksvorsteher Markus Figl (\u00d6VP) spricht sich f\u00fcr eine Pr\u00fcfung weiterer Ma\u00dfnahmen aus.<\/p>\n<p>Ziel sei es, die Belastung f\u00fcr die Bewohnerinnen und Bewohner der Inneren Stadt zu reduzieren.<\/p>\n<p>Ob ein Nachtfahrverbot oder eine Zufahrtsbeschr\u00e4nkung tats\u00e4chlich umgesetzt werden kann, m\u00fcssen nun die zust\u00e4ndigen Fachabteilungen und Beh\u00f6rden pr\u00fcfen.<\/p>\n<p>Der Bezirk betont, dass sowohl die rechtliche als auch die verkehrstechnische Umsetzbarkeit erst bewertet werden m\u00fcsse.<\/p>\n<p>Parallel dazu sollen die Schwerpunktkontrollen gegen L\u00e4rm, Raserei und gef\u00e4hrliches Fahrverhalten fortgesetzt werden.<\/p>\n","protected":false},"excerpt":{"rendered":"Nach einer Schwerpunktaktion gegen die Autoposerszene denkt der Bezirk Innere Stadt \u00fcber ein Nachtfahrverbot nach. Ziel ist es,&hellip;\n","protected":false},"author":2,"featured_media":271982,"comment_status":"","ping_status":"","sticky":false,"template":"","format":"standard","meta":{"footnotes":"","_share_on_mastodon":"0"},"categories":[6],"tags":[46,42,73341,3082,9262,59123,14306,73342,44,405,566,43,45,182,1340,73343],"class_list":["post-271981","post","type-post","status-publish","format-standard","has-post-thumbnail","category-oesterreich","tag-at","tag-austria","tag-autoposer","tag-innere-stadt","tag-kontrolle","tag-laerm","tag-massnahmen","tag-nachtfahrverbot","tag-oesterreich","tag-polizei","tag-polizei-news","tag-republic-of-austria","tag-republik-oesterreich","tag-wien","tag-wien-1-bezirk","tag-zufahrtsbeschraenkung"],"share_on_mastodon":{"url":"https:\/\/pubeurope.com\/@at\/116913608010941495","error":""},"_links":{"self":[{"href":"https:\/\/www.europesays.com\/at\/wp-json\/wp\/v2\/posts\/271981","targetHints":{"allow":["GET"]}}],"collection":[{"href":"https:\/\/www.europesays.com\/at\/wp-json\/wp\/v2\/posts"}],"about":[{"href":"https:\/\/www.europesays.com\/at\/wp-json\/wp\/v2\/types\/post"}],"author":[{"embeddable":true,"href":"https:\/\/www.europesays.com\/at\/wp-json\/wp\/v2\/users\/2"}],"replies":[{"embeddable":true,"href":"https:\/\/www.europesays.com\/at\/wp-json\/wp\/v2\/comments?post=271981"}],"version-history":[{"count":0,"href":"https:\/\/www.europesays.com\/at\/wp-json\/wp\/v2\/posts\/271981\/revisions"}],"wp:featuredmedia":[{"embeddable":true,"href":"https:\/\/www.europesays.com\/at\/wp-json\/wp\/v2\/media\/271982"}],"wp:attachment":[{"href":"https:\/\/www.europesays.com\/at\/wp-json\/wp\/v2\/media?parent=271981"}],"wp:term":[{"taxonomy":"category","embeddable":true,"href":"https:\/\/www.europesays.com\/at\/wp-json\/wp\/v2\/categories?post=271981"},{"taxonomy":"post_tag","embeddable":true,"href":"https:\/\/www.europesays.com\/at\/wp-json\/wp\/v2\/tags?post=271981"}],"curies":[{"name":"wp","href":"https:\/\/api.w.org\/{rel}","templated":true}]}}