{"id":272665,"date":"2026-07-14T00:46:08","date_gmt":"2026-07-14T00:46:08","guid":{"rendered":"https:\/\/www.europesays.com\/at\/272665\/"},"modified":"2026-07-14T00:46:08","modified_gmt":"2026-07-14T00:46:08","slug":"lh-stv-landbauer-niederoesterreich-feiert-rad-spektakel-der-superlative","status":"publish","type":"post","link":"https:\/\/www.europesays.com\/at\/272665\/","title":{"rendered":"LH-Stv. Landbauer: Nieder\u00f6sterreich feiert Rad-Spektakel der Superlative"},"content":{"rendered":"<p>St. P\u00f6lten (OTS) &#8211;\u00a0<\/p>\n<p>Tausende aktive Radsportler, internationale Profis, begeisterte Zuschauer entlang der Strecken und ein nieder\u00f6sterreichischer Gesamtsieger: Der gestrige Sonntag stand in Nieder\u00f6sterreich ganz im Zeichen des Radsports. Mit dem Wachau Radmarathon in Mautern an der Donau und dem Start der Schlussetappe der Lidl Tour of Austria in Langenlois fanden gleich zwei herausragende Radsportveranstaltungen in unmittelbarer Nachbarschaft statt und verwandelten Nieder\u00f6sterreich in eine wahre Rad-Hochburg.<\/p>\n<p>\u201eDieser au\u00dfergew\u00f6hnliche Radsportsonntag hat eindrucksvoll gezeigt, welche Kraft der Sport f\u00fcr unser Bundesland entfalten kann. Tausende Menschen waren selbst aktiv, feuerten entlang der Strecke an oder haben als freiwillige Helfer pers\u00f6nlich zum Gelingen beigetragen und Nieder\u00f6sterreich zu einer gro\u00dfen B\u00fchne des Radsports gemacht. Veranstaltungen dieser Dimension begeistern unsere Landsleute f\u00fcr Bewegung und Sport, st\u00e4rken den Tourismus und schaffen regionale Wertsch\u00f6pfung\u201c, betont Nieder\u00f6sterreichs Sportlandesrat und LH-Stellvertreter Udo Landbauer. <\/p>\n<p>Bereits am fr\u00fchen Sonntagmorgen verwandelte sich die Wachau in eine der gr\u00f6\u00dften Radsportarenen \u00d6sterreichs. Bei der 27. Auflage des Wachau Radmarathons gingen rund 3.000 Aktive an den Start \u2013 so viele wie noch nie zuvor. Alle drei Bewerbe waren restlos ausgebucht.<\/p>\n<p>Nur wenige Kilometer entfernt feierte Langenlois am Nachmittag seine Premiere als Etappenort der traditionsreichen Tour of Austria. Der historische Stadtkern mit seinen imposanten Winzerh\u00f6fen und malerischen Pl\u00e4tzen bot eine eindrucksvolle Kulisse f\u00fcr den Start der letzten Etappe. Von dort f\u00fchrte das internationale Profirennen \u00fcber 109 Kilometer durch Nieder\u00f6sterreich bis zum gro\u00dfen Finale in Wien.<\/p>\n<p>F\u00fcr den kr\u00f6nenden Abschluss der Radfestspiele im SPORTLAND Nieder\u00f6sterreich sorgte Gregor M\u00fchlberger mit seinem Gesamtsieg bei der Lidl Tour of Austria. Der 32-J\u00e4hrige aus Haidershofen feierte als erster Nieder\u00f6sterreicher seit 36 Jahren den Sieg bei der \u00d6sterreich-Rundfahrt. Der letzte rot-wei\u00df-rote Triumph lag ebenfalls bereits 13 Jahre zur\u00fcck. Dabei verteidigte M\u00fchlberger das F\u00fchrungstrikot von der ersten bis zur letzten Etappe. Dieses Kunstst\u00fcck war zuvor erst einem \u00f6sterreichischen Fahrer gelungen. Zudem feierte der Nieder\u00f6sterreicher w\u00e4hrend der Rundfahrt zwei Etappensiege und unterstrich damit seine herausragende Form. Der Triumph f\u00fcgt sich nahtlos in eine beeindruckende Saison ein. Erst wenige Wochen zuvor hatte M\u00fchlberger den Giro d\u2019Italia auf dem 15. Gesamtrang beendet und als wichtiger Helfer ma\u00dfgeblich zum zweiten Gesamtrang von Felix Gall beigetragen. Mit dem Sieg bei der Tour of Austria erf\u00fcllte sich f\u00fcr ihn nun ein gro\u00dfer sportlicher Traum.<\/p>\n<p>\u201eDer 12. Juli 2026 wird als au\u00dfergew\u00f6hnlicher Tag in die nieder\u00f6sterreichische Sportgeschichte eingehen: mit einem Rekordfeld in der Wachau, einer erfolgreichen Tour-Premiere in Langenlois und einem historischen \u00f6sterreichischen Gesamtsieg durch Gregor M\u00fchlberger\u201c, so Landbauer abschlie\u00dfend.<\/p>\n<p>Weitere Informationen bei Patrick Pfaller, Leitung Presse &amp; Kommunikation SPORTLAND Nieder\u00f6sterreich, +43 676 812 19876, <a href=\"http:\/\/www.ots.at\/cdn-cgi\/l\/email-protection#9feffeebedf6fcf4b1eff9fef3f3faeddff1f0fab1fcf0b1feeb\" rel=\"nofollow noopener\" target=\"_blank\">[email\u00a0protected]<\/a><\/p>\n<p _ngcontent-ng-c403161360=\"\">Amt der Nieder\u00f6sterreichischen Landesregierung<br \/>Landesamtsdirektion\/\u00d6ffentlichkeitsarbeit<br \/>Doris Z\u00f6ger<br \/>Telefon: 02742\/9005-13314<br \/>E-Mail: <a href=\"http:\/\/www.ots.at\/cdn-cgi\/l\/email-protection#95e5e7f0e6e6f0d5fbfaf0f9bbf2e3bbf4e1\" rel=\"nofollow noopener\" target=\"_blank\">[email\u00a0protected]<\/a><\/p>\n<p _ngcontent-ng-c403161360=\"\"> OTS-ORIGINALTEXT PRESSEAUSSENDUNG UNTER AUSSCHLIESSLICHER<br \/>\nINHALTLICHER VERANTWORTUNG DES AUSSENDERS &#8211; WWW.OTS.AT | NLK<\/p>\n","protected":false},"excerpt":{"rendered":"St. P\u00f6lten (OTS) &#8211;\u00a0 Tausende aktive Radsportler, internationale Profis, begeisterte Zuschauer entlang der Strecken und ein nieder\u00f6sterreichischer Gesamtsieger:&hellip;\n","protected":false},"author":2,"featured_media":272666,"comment_status":"","ping_status":"","sticky":false,"template":"","format":"standard","meta":{"footnotes":"","_share_on_mastodon":"0"},"categories":[6],"tags":[26393,26395,46,42,53333,622,44,26394,73485,8329,43,45,109],"class_list":["post-272665","post","type-post","status-publish","format-standard","has-post-thumbnail","category-oesterreich","tag-apa","tag-apa-ots","tag-at","tag-austria","tag-landbauer","tag-niederoesterreich","tag-oesterreich","tag-ots","tag-rad-spektakel","tag-radsport","tag-republic-of-austria","tag-republik-oesterreich","tag-sport"],"share_on_mastodon":{"url":"https:\/\/pubeurope.com\/@at\/116915574061286728","error":""},"_links":{"self":[{"href":"https:\/\/www.europesays.com\/at\/wp-json\/wp\/v2\/posts\/272665","targetHints":{"allow":["GET"]}}],"collection":[{"href":"https:\/\/www.europesays.com\/at\/wp-json\/wp\/v2\/posts"}],"about":[{"href":"https:\/\/www.europesays.com\/at\/wp-json\/wp\/v2\/types\/post"}],"author":[{"embeddable":true,"href":"https:\/\/www.europesays.com\/at\/wp-json\/wp\/v2\/users\/2"}],"replies":[{"embeddable":true,"href":"https:\/\/www.europesays.com\/at\/wp-json\/wp\/v2\/comments?post=272665"}],"version-history":[{"count":0,"href":"https:\/\/www.europesays.com\/at\/wp-json\/wp\/v2\/posts\/272665\/revisions"}],"wp:featuredmedia":[{"embeddable":true,"href":"https:\/\/www.europesays.com\/at\/wp-json\/wp\/v2\/media\/272666"}],"wp:attachment":[{"href":"https:\/\/www.europesays.com\/at\/wp-json\/wp\/v2\/media?parent=272665"}],"wp:term":[{"taxonomy":"category","embeddable":true,"href":"https:\/\/www.europesays.com\/at\/wp-json\/wp\/v2\/categories?post=272665"},{"taxonomy":"post_tag","embeddable":true,"href":"https:\/\/www.europesays.com\/at\/wp-json\/wp\/v2\/tags?post=272665"}],"curies":[{"name":"wp","href":"https:\/\/api.w.org\/{rel}","templated":true}]}}