{"id":272689,"date":"2026-07-14T01:06:12","date_gmt":"2026-07-14T01:06:12","guid":{"rendered":"https:\/\/www.europesays.com\/at\/272689\/"},"modified":"2026-07-14T01:06:12","modified_gmt":"2026-07-14T01:06:12","slug":"alpinist-stuerzte-im-oetztal-acht-meter-tief-in-gletscherspalte-kollege-hielt-ihn-fest","status":"publish","type":"post","link":"https:\/\/www.europesays.com\/at\/272689\/","title":{"rendered":"Alpinist st\u00fcrzte im \u00d6tztal acht Meter tief in Gletscherspalte, Kollege hielt ihn fest"},"content":{"rendered":"<p _ngcontent-tt-com-www-c3071245697=\"\" data-cy=\"body\">Zwei Alpinisten verunfallten Montagmittag bei einer Gletscherspalte am \u201eMarzellferner\u201c im hinteren \u00d6tztal. Die beiden \u00d6sterreicher, 51 und 53 Jahre alt, stiegen gegen 12.30 Uhr vom Gipfel der \u201eHinteren Schw\u00e4rze\u201c ab, wobei sie den Gletscher als Zwei-Mann-Seilschaft querten. <\/p>\n<p _ngcontent-tt-com-www-c3071245697=\"\" data-cy=\"body\">Der 53-J\u00e4hrige, welcher als zweiter eine mit Schnee bedeckte Gletscherspalte \u00fcberschritt, brach ein und st\u00fcrzte rund acht Meter in die Tiefe. Sein Partner konnte ihn halten und setzte den Notruf ab. Die Besatzung des Notarzthubschraubers barg den Bergsteiger unverletzt aus der Gletscherspalte. Die beiden Alpinisten, die bei der Tour gut ausger\u00fcstet waren, wurden zur Martin-Busch-H\u00fctte gebracht. <\/p>\n<p _ngcontent-tt-com-www-c3071245697=\"\" data-cy=\"body\">Im Einsatz standen zehn Bergretter der Bergrettung S\u00f6lden, der Notarzthubschrauber \u201eMartin 8\u201c, der Polizeihubschrauber \u201eLibelle Vorarlberg\u201c sowie ein Alpinpolizist. (TT.com)<\/p>\n","protected":false},"excerpt":{"rendered":"Zwei Alpinisten verunfallten Montagmittag bei einer Gletscherspalte am \u201eMarzellferner\u201c im hinteren \u00d6tztal. Die beiden \u00d6sterreicher, 51 und 53&hellip;\n","protected":false},"author":2,"featured_media":272690,"comment_status":"","ping_status":"","sticky":false,"template":"","format":"standard","meta":{"footnotes":"","_share_on_mastodon":"0"},"categories":[8],"tags":[18573,10528,13047,40,41,39,27976,9338,38,232],"class_list":["post-272689","post","type-post","status-publish","format-standard","has-post-thumbnail","category-nachrichten","tag-gletscher","tag-hubschrauber","tag-imst-bezirk","tag-nachrichten","tag-news","tag-schlagzeilen","tag-soelden","tag-sturz","tag-top-meldungen","tag-unfall"],"share_on_mastodon":{"url":"https:\/\/pubeurope.com\/@at\/116915652704216817","error":""},"_links":{"self":[{"href":"https:\/\/www.europesays.com\/at\/wp-json\/wp\/v2\/posts\/272689","targetHints":{"allow":["GET"]}}],"collection":[{"href":"https:\/\/www.europesays.com\/at\/wp-json\/wp\/v2\/posts"}],"about":[{"href":"https:\/\/www.europesays.com\/at\/wp-json\/wp\/v2\/types\/post"}],"author":[{"embeddable":true,"href":"https:\/\/www.europesays.com\/at\/wp-json\/wp\/v2\/users\/2"}],"replies":[{"embeddable":true,"href":"https:\/\/www.europesays.com\/at\/wp-json\/wp\/v2\/comments?post=272689"}],"version-history":[{"count":0,"href":"https:\/\/www.europesays.com\/at\/wp-json\/wp\/v2\/posts\/272689\/revisions"}],"wp:featuredmedia":[{"embeddable":true,"href":"https:\/\/www.europesays.com\/at\/wp-json\/wp\/v2\/media\/272690"}],"wp:attachment":[{"href":"https:\/\/www.europesays.com\/at\/wp-json\/wp\/v2\/media?parent=272689"}],"wp:term":[{"taxonomy":"category","embeddable":true,"href":"https:\/\/www.europesays.com\/at\/wp-json\/wp\/v2\/categories?post=272689"},{"taxonomy":"post_tag","embeddable":true,"href":"https:\/\/www.europesays.com\/at\/wp-json\/wp\/v2\/tags?post=272689"}],"curies":[{"name":"wp","href":"https:\/\/api.w.org\/{rel}","templated":true}]}}