{"id":273400,"date":"2026-07-14T10:05:09","date_gmt":"2026-07-14T10:05:09","guid":{"rendered":"https:\/\/www.europesays.com\/at\/273400\/"},"modified":"2026-07-14T10:05:09","modified_gmt":"2026-07-14T10:05:09","slug":"nach-schlager-abgang-salzburg-bestimmt-neue-nummer-1","status":"publish","type":"post","link":"https:\/\/www.europesays.com\/at\/273400\/","title":{"rendered":"Nach Schlager-Abgang: Salzburg bestimmt neue Nummer 1"},"content":{"rendered":"<p>Der <a href=\"https:\/\/www.laola1.at\/de\/daten\/news\/fussball\/fc-red-bull-salzburg\/\" class=\"tag\" rel=\"nofollow noopener\" target=\"_blank\">FC Red Bull Salzburg<\/a> hat sich auf eine neue Nummer 1 festgelegt.<\/p>\n<p>Nachdem die Position durch den <a target=\"_self\" rel=\"noopener noreferrer nofollow\" href=\"https:\/\/www.laola1.at\/de\/red\/fussball\/bundesliga\/news\/fix--red-bull-salzburg-verliert-alexander-schlager-an-werder\/\">Abgang von Alexander Schlager<\/a> vakant geworden war, sorgten die Verantwortlichen nun rasch f\u00fcr Klarheit: Christian Zawieschitzky wird als neue Nummer eins in die Saison gehen.<\/p>\n<p>&#8222;Nerv\u00f6s bin ich wegen der neuen Rolle nicht. Ich freue mich einfach, dass mir dieses Vertrauen entgegengebracht wird&#8220;, meint Zawieschitzky.<\/p>\n<p>Neue Nummer 1 mit alter Nummer<\/p>\n<p>Trotz seiner neuen Rolle wird der 19-j\u00e4hrige Tiroler weiter mit der R\u00fcckennummer 52 auflaufen. &#8222;Mit der 52 kann ich meine ganz eigene Geschichte schreiben&#8220;, begr\u00fcndet der neue Stammkeeper der Salzburger seine Entscheidung gegen die prestigetr\u00e4chtige Nummer.<\/p>\n<p>Aktuell fehlt dem Torwartteam der Salzburger aber noch die n\u00f6tige Erfahrung &#8211; Nikola Sarcevic, aktuell der erste Ersatzmann, ist genau wie Zawieschitzky erst 19 Jahre alt.<\/p>\n<p>&#8222;Es wird f\u00fcr das Torwartteam definitiv noch jemand dazukommen. Es muss jemand sein, der diese Rolle als Nummer 2 voll und ganz annimmt und Chris optimal unterst\u00fctzt, im Fall der F\u00e4lle aber eben auch die n\u00f6tige Qualit\u00e4t besitzt, um jederzeit spielen zu k\u00f6nnen&#8220;, k\u00fcndigt Sportdirektor <a href=\"https:\/\/www.laola1.at\/de\/daten\/news\/fussball\/marcus-mann\/\" class=\"tag\" rel=\"nofollow noopener\" target=\"_blank\">Marcus Mann<\/a> an.<\/p>\n<p><a target=\"_self\" rel=\"noopener noreferrer nofollow\" href=\"https:\/\/www.laola1.at\/de\/red\/fussball\/bundesliga\/news\/nach-schlager-abgang--salzburg-will-altachs-stojanovic-\/\">Der Stammkeeper der Altacher soll eine Option sein &gt;&gt;&gt;<\/a><\/p>\n","protected":false},"excerpt":{"rendered":"Der FC Red Bull Salzburg hat sich auf eine neue Nummer 1 festgelegt. Nachdem die Position durch den&hellip;\n","protected":false},"author":2,"featured_media":273401,"comment_status":"","ping_status":"","sticky":false,"template":"","format":"standard","meta":{"footnotes":"","_share_on_mastodon":"0"},"categories":[8],"tags":[1069,7640,18740,1061,964,16298,40,41,39,38],"class_list":["post-273400","post","type-post","status-publish","format-standard","has-post-thumbnail","category-nachrichten","tag-admiral-bundesliga","tag-alexander-schlager","tag-christian-zawieschitzky","tag-fc-red-bull-salzburg","tag-fussball","tag-marcus-mann","tag-nachrichten","tag-news","tag-schlagzeilen","tag-top-meldungen"],"share_on_mastodon":{"url":"https:\/\/pubeurope.com\/@at\/116917772221409444","error":""},"_links":{"self":[{"href":"https:\/\/www.europesays.com\/at\/wp-json\/wp\/v2\/posts\/273400","targetHints":{"allow":["GET"]}}],"collection":[{"href":"https:\/\/www.europesays.com\/at\/wp-json\/wp\/v2\/posts"}],"about":[{"href":"https:\/\/www.europesays.com\/at\/wp-json\/wp\/v2\/types\/post"}],"author":[{"embeddable":true,"href":"https:\/\/www.europesays.com\/at\/wp-json\/wp\/v2\/users\/2"}],"replies":[{"embeddable":true,"href":"https:\/\/www.europesays.com\/at\/wp-json\/wp\/v2\/comments?post=273400"}],"version-history":[{"count":0,"href":"https:\/\/www.europesays.com\/at\/wp-json\/wp\/v2\/posts\/273400\/revisions"}],"wp:featuredmedia":[{"embeddable":true,"href":"https:\/\/www.europesays.com\/at\/wp-json\/wp\/v2\/media\/273401"}],"wp:attachment":[{"href":"https:\/\/www.europesays.com\/at\/wp-json\/wp\/v2\/media?parent=273400"}],"wp:term":[{"taxonomy":"category","embeddable":true,"href":"https:\/\/www.europesays.com\/at\/wp-json\/wp\/v2\/categories?post=273400"},{"taxonomy":"post_tag","embeddable":true,"href":"https:\/\/www.europesays.com\/at\/wp-json\/wp\/v2\/tags?post=273400"}],"curies":[{"name":"wp","href":"https:\/\/api.w.org\/{rel}","templated":true}]}}