{"id":273404,"date":"2026-07-14T10:07:10","date_gmt":"2026-07-14T10:07:10","guid":{"rendered":"https:\/\/www.europesays.com\/at\/273404\/"},"modified":"2026-07-14T10:07:10","modified_gmt":"2026-07-14T10:07:10","slug":"besondere-verbindung-warum-salzburgs-stamm-goalie-die-1-nicht-wollte","status":"publish","type":"post","link":"https:\/\/www.europesays.com\/at\/273404\/","title":{"rendered":"Besondere Verbindung &#8211; Warum Salzburgs Stamm-Goalie die \u201e1\u201c nicht wollte"},"content":{"rendered":"<p>\u201eMuss Rolle als Nummer zwei voll annehmen\u201c<br \/>W\u00e4hrend die Position des Stammtormanns damit fixiert ist, steht noch nicht fest, wer im Falle des Falls f\u00fcr Zawieschitzky einspringt. Fix ist, dass noch ein Goalie kommen soll. \u201eEs muss jemand sein, der diese Rolle als Nummer zwei voll und ganz annimmt, im Fall der F\u00e4lle aber eben auch die n\u00f6tige Qualit\u00e4t besitzt, um jederzeit spielen zu k\u00f6nnen\u201c, erkl\u00e4rt Sportboss Mann. Aktuell befinde man sich in ersten Gespr\u00e4chen.\u00a0<\/p>\n","protected":false},"excerpt":{"rendered":"\u201eMuss Rolle als Nummer zwei voll annehmen\u201cW\u00e4hrend die Position des Stammtormanns damit fixiert ist, steht noch nicht fest,&hellip;\n","protected":false},"author":2,"featured_media":273405,"comment_status":"","ping_status":"","sticky":false,"template":"","format":"standard","meta":{"footnotes":"","_share_on_mastodon":"0"},"categories":[31],"tags":[7640,46,42,11400,18740,61128,16298,44,73637,4329,1065,192,3353,7979,3963,73638,18743],"class_list":["post-273404","post","type-post","status-publish","format-standard","has-post-thumbnail","category-salzburg","tag-alexander-schlager","tag-at","tag-austria","tag-chris","tag-christian-zawieschitzky","tag-danny-roehl","tag-marcus-mann","tag-oesterreich","tag-ray-lewis","tag-real-madrid","tag-red-bull-salzburg","tag-salzburg","tag-salzburgs","tag-thibaut-courtois","tag-werder-bremen","tag-zawi","tag-zawieschitzky"],"share_on_mastodon":{"url":"https:\/\/pubeurope.com\/@at\/116917780351820674","error":""},"_links":{"self":[{"href":"https:\/\/www.europesays.com\/at\/wp-json\/wp\/v2\/posts\/273404","targetHints":{"allow":["GET"]}}],"collection":[{"href":"https:\/\/www.europesays.com\/at\/wp-json\/wp\/v2\/posts"}],"about":[{"href":"https:\/\/www.europesays.com\/at\/wp-json\/wp\/v2\/types\/post"}],"author":[{"embeddable":true,"href":"https:\/\/www.europesays.com\/at\/wp-json\/wp\/v2\/users\/2"}],"replies":[{"embeddable":true,"href":"https:\/\/www.europesays.com\/at\/wp-json\/wp\/v2\/comments?post=273404"}],"version-history":[{"count":0,"href":"https:\/\/www.europesays.com\/at\/wp-json\/wp\/v2\/posts\/273404\/revisions"}],"wp:featuredmedia":[{"embeddable":true,"href":"https:\/\/www.europesays.com\/at\/wp-json\/wp\/v2\/media\/273405"}],"wp:attachment":[{"href":"https:\/\/www.europesays.com\/at\/wp-json\/wp\/v2\/media?parent=273404"}],"wp:term":[{"taxonomy":"category","embeddable":true,"href":"https:\/\/www.europesays.com\/at\/wp-json\/wp\/v2\/categories?post=273404"},{"taxonomy":"post_tag","embeddable":true,"href":"https:\/\/www.europesays.com\/at\/wp-json\/wp\/v2\/tags?post=273404"}],"curies":[{"name":"wp","href":"https:\/\/api.w.org\/{rel}","templated":true}]}}