{"id":273965,"date":"2026-07-14T15:55:10","date_gmt":"2026-07-14T15:55:10","guid":{"rendered":"https:\/\/www.europesays.com\/at\/273965\/"},"modified":"2026-07-14T15:55:10","modified_gmt":"2026-07-14T15:55:10","slug":"autobahnbau-in-linz-500-000-kubikmeter-per-schiff-wie-linz-beim-bau-der-a-26-75-000-lkw-fahrten-vermeiden-will","status":"publish","type":"post","link":"https:\/\/www.europesays.com\/at\/273965\/","title":{"rendered":"Autobahnbau in Linz: 500.000 Kubikmeter per Schiff: Wie Linz beim Bau der A 26 75.000 Lkw-Fahrten vermeiden will"},"content":{"rendered":"<p>Projekt: A 26 Linzer Autobahn (Westring), zweite Bauetappe<br \/>Bauherr: ASFINAG<br \/>Auftragnehmer Hauptbauleistungen: Bietergemeinschaft Swietelsky Tunnelbau und Swietelsky AG (Sitz Linz)<br \/>Spatenstich: 3. Juli 2026, Stollen am s\u00fcdlichen Donauufer<br \/>Bauzeit zweite Etappe: 2026 bis 2032<br \/>Gesamtfertigstellung A 26: voraussichtlich 2035 (dritte Etappe 2033\u20132035)<br \/>Freinbergtunnel: mehr als drei Kilometer, zwei getrennte R\u00f6hren mit je zwei Fahrstreifen, bergm\u00e4nnischer Vortrieb (Sprengen, Fr\u00e4sen, Baggern)<br \/>Unterflurtrasse Waldeggstra\u00dfe: rund 600 Meter, Deckelbauweise, zwei Fahrstreifen je Richtung bleiben offen<br \/>Bahnhofsknoten: drei Tunnelr\u00f6hren auf vier Stra\u00dfenebenen \u00fcbereinander<br \/>Ausbruchmaterial: rund 500.000 m\u00b3, gro\u00dfteils per Schiff \u00fcber eine neue Donauanlegestelle<br \/>Vermiedene Lkw-Fahrten: rund 75.000 (Prognose ASFINAG)<br \/>Auftragswert Hauptbauleistungen: rund 376 Millionen Euro<br \/>Gesamtinvestition A 26: rund 1,2 Milliarden Euro (gesamtes Projekt, alle Etappen; Land O\u00d6 10 %, Stadt Linz 5 %)<br \/>Gesamtl\u00e4nge A 26: 4,7 Kilometer, davon rund 85 Prozent im Tunnel<br \/>Verkehrsprognose: rund 8 Prozent weniger Verkehr im Stadtgebiet, Fahrzeit Urfahr\u2013Hauptbahnhof von bis zu 40 auf etwa 5 Minuten (Modellrechnung ASFINAG)<\/p>\n","protected":false},"excerpt":{"rendered":"Projekt: A 26 Linzer Autobahn (Westring), zweite BauetappeBauherr: ASFINAGAuftragnehmer Hauptbauleistungen: Bietergemeinschaft Swietelsky Tunnelbau und Swietelsky AG (Sitz Linz)Spatenstich:&hellip;\n","protected":false},"author":2,"featured_media":273966,"comment_status":"","ping_status":"","sticky":false,"template":"","format":"standard","meta":{"footnotes":"","_share_on_mastodon":"0"},"categories":[30],"tags":[46,42,12480,6300,12477,12476,6546,12485,12478,5700,12484,184,12483,44,12482,12479,12481],"class_list":["post-273965","post","type-post","status-publish","format-standard","has-post-thumbnail","category-linz","tag-at","tag-austria","tag-baurecht","tag-baustoffe","tag-bautechnik","tag-bauwirtschaft","tag-bim","tag-fassaden","tag-hochbau","tag-immobilien","tag-leichtbau","tag-linz","tag-massivbau","tag-oesterreich","tag-schalung","tag-tiefbau","tag-vergaberecht"],"share_on_mastodon":{"url":"https:\/\/pubeurope.com\/@at\/116919148701778057","error":""},"_links":{"self":[{"href":"https:\/\/www.europesays.com\/at\/wp-json\/wp\/v2\/posts\/273965","targetHints":{"allow":["GET"]}}],"collection":[{"href":"https:\/\/www.europesays.com\/at\/wp-json\/wp\/v2\/posts"}],"about":[{"href":"https:\/\/www.europesays.com\/at\/wp-json\/wp\/v2\/types\/post"}],"author":[{"embeddable":true,"href":"https:\/\/www.europesays.com\/at\/wp-json\/wp\/v2\/users\/2"}],"replies":[{"embeddable":true,"href":"https:\/\/www.europesays.com\/at\/wp-json\/wp\/v2\/comments?post=273965"}],"version-history":[{"count":0,"href":"https:\/\/www.europesays.com\/at\/wp-json\/wp\/v2\/posts\/273965\/revisions"}],"wp:featuredmedia":[{"embeddable":true,"href":"https:\/\/www.europesays.com\/at\/wp-json\/wp\/v2\/media\/273966"}],"wp:attachment":[{"href":"https:\/\/www.europesays.com\/at\/wp-json\/wp\/v2\/media?parent=273965"}],"wp:term":[{"taxonomy":"category","embeddable":true,"href":"https:\/\/www.europesays.com\/at\/wp-json\/wp\/v2\/categories?post=273965"},{"taxonomy":"post_tag","embeddable":true,"href":"https:\/\/www.europesays.com\/at\/wp-json\/wp\/v2\/tags?post=273965"}],"curies":[{"name":"wp","href":"https:\/\/api.w.org\/{rel}","templated":true}]}}