{"id":274190,"date":"2026-07-14T18:09:08","date_gmt":"2026-07-14T18:09:08","guid":{"rendered":"https:\/\/www.europesays.com\/at\/274190\/"},"modified":"2026-07-14T18:09:08","modified_gmt":"2026-07-14T18:09:08","slug":"letzter-abschnitt-graz-groesste-notaufnahme-des-landes-ist-nun-fertig","status":"publish","type":"post","link":"https:\/\/www.europesays.com\/at\/274190\/","title":{"rendered":"Letzter Abschnitt &#8211; Graz: Gr\u00f6\u00dfte Notaufnahme des Landes ist nun fertig"},"content":{"rendered":"<p>Im letzten Abschnitt entstanden eine neue Eingangszone, moderne Bereiche f\u00fcr Ersteinsch\u00e4tzung und Triage sowie eine Beobachtungsstation mit 30 Betten und Behandlungspl\u00e4tzen, in welcher Patienten bis zu 24 Stunden beobachtet werden k\u00f6nnen. Der Haupteingang befindet sich an jener Stelle, an der sich fr\u00fcher die internistische Erstaufnahme (EBA) befand. Hier kommen sowohl Rettungstransporte als auch Patienten, die selbst anreisen, an. Nach der Ersteinsch\u00e4tzung erfolgt die Zuweisung in die passenden Behandlungsbereiche des Zentrums f\u00fcr Akutmedizin, in die allgemeinmedizinische Akutversorgung oder auf die neue Beobachtungsstation.\u00a0<\/p>\n","protected":false},"excerpt":{"rendered":"Im letzten Abschnitt entstanden eine neue Eingangszone, moderne Bereiche f\u00fcr Ersteinsch\u00e4tzung und Triage sowie eine Beobachtungsstation mit 30&hellip;\n","protected":false},"author":2,"featured_media":274191,"comment_status":"","ping_status":"","sticky":false,"template":"","format":"standard","meta":{"footnotes":"","_share_on_mastodon":"0"},"categories":[29],"tags":[73770,46,42,9148,183,9150,11248,44,116,9157,73771,73772],"class_list":["post-274190","post","type-post","status-publish","format-standard","has-post-thumbnail","category-graz","tag-alexander-rosenkranz","tag-at","tag-austria","tag-gerhard-stark","tag-graz","tag-karlheinz-kornhaeusl","tag-manuela-khom","tag-oesterreich","tag-steiermark","tag-ulf-drabek","tag-zam","tag-zentrum-fuer-akutmedizin"],"share_on_mastodon":{"url":"https:\/\/pubeurope.com\/@at\/116919675524729848","error":""},"_links":{"self":[{"href":"https:\/\/www.europesays.com\/at\/wp-json\/wp\/v2\/posts\/274190","targetHints":{"allow":["GET"]}}],"collection":[{"href":"https:\/\/www.europesays.com\/at\/wp-json\/wp\/v2\/posts"}],"about":[{"href":"https:\/\/www.europesays.com\/at\/wp-json\/wp\/v2\/types\/post"}],"author":[{"embeddable":true,"href":"https:\/\/www.europesays.com\/at\/wp-json\/wp\/v2\/users\/2"}],"replies":[{"embeddable":true,"href":"https:\/\/www.europesays.com\/at\/wp-json\/wp\/v2\/comments?post=274190"}],"version-history":[{"count":0,"href":"https:\/\/www.europesays.com\/at\/wp-json\/wp\/v2\/posts\/274190\/revisions"}],"wp:featuredmedia":[{"embeddable":true,"href":"https:\/\/www.europesays.com\/at\/wp-json\/wp\/v2\/media\/274191"}],"wp:attachment":[{"href":"https:\/\/www.europesays.com\/at\/wp-json\/wp\/v2\/media?parent=274190"}],"wp:term":[{"taxonomy":"category","embeddable":true,"href":"https:\/\/www.europesays.com\/at\/wp-json\/wp\/v2\/categories?post=274190"},{"taxonomy":"post_tag","embeddable":true,"href":"https:\/\/www.europesays.com\/at\/wp-json\/wp\/v2\/tags?post=274190"}],"curies":[{"name":"wp","href":"https:\/\/api.w.org\/{rel}","templated":true}]}}