{"id":274532,"date":"2026-07-14T22:09:28","date_gmt":"2026-07-14T22:09:28","guid":{"rendered":"https:\/\/www.europesays.com\/at\/274532\/"},"modified":"2026-07-14T22:09:28","modified_gmt":"2026-07-14T22:09:28","slug":"europa-droht-seine-rohstoffziele-zu-verfehlen","status":"publish","type":"post","link":"https:\/\/www.europesays.com\/at\/274532\/","title":{"rendered":"Europa droht seine Rohstoffziele zu verfehlen"},"content":{"rendered":"<p>pte20260714016 in Business<\/p>\n<p>            Nur bei vier der 27 untersuchten kritischen Rohstoffe erreicht EU mehr als f\u00fcnf Prozent F\u00f6rderung<br \/>\n        <\/p>\n<p>                <img decoding=\"async\" itemprop=\"image\" src=\"https:\/\/www.europesays.com\/at\/wp-content\/uploads\/2026\/07\/1784066968_772_lowres.png\" alt=\"Europa und seine Rohstoffabh\u00e4ngigkeit: Forscher mahnen zum Handeln (Bild: ChatGPT\/Dall-E)\" title=\"Europa und seine Rohstoffabh\u00e4ngigkeit: Forscher mahnen zum Handeln (Bild: ChatGPT\/Dall-E)\"\/><\/p>\n<p>\n                    Europa und seine Rohstoffabh\u00e4ngigkeit: Forscher mahnen zum Handeln (Bild: ChatGPT\/Dall-E)\n                <\/p>\n<p><\/p>\n<p>M\u00fcnchen (pte016\/14.07.2026\/12:30)<\/p>\n<p>Laut Einsch\u00e4tzung des ifo Instituts l\u00e4uft die EU Gefahr, ihr selbst gestecktes Ziel zu verfehlen, bei kritischen Rohstoffen unabh\u00e4ngiger zu werden. Nur bei vier der 27 untersuchten kritischen Rohstoffe, so die Wirtschaftsforscher, erreicht die EU mehr als f\u00fcnf Prozent der weltweiten F\u00f6rderung, bei neun liege ihr Anteil gar bei null.<\/p>\n<p>            Profitieren Sie von<br \/>unabh\u00e4ngigem Journalismus!<br \/>\n            Lesen Sie mit pressetext Abo+ weiter und unterst\u00fctzen Sie\u00a0<\/p>\n<p class=\"paywall-headline\">Qualit\u00e4tsberichterstattung f\u00fcr nur 1 EUR pro Woche!<\/p>\n<p class=\"paywall-subactions\">\n                <a class=\"paywall-link paywall-login\" href=\"https:\/\/www.pressetext.com\/aboplusnews\/UXo1bUxueFNBWTErOTJIeUgyQ3djZz09\" rel=\"nofollow noopener\" target=\"_blank\"><br \/>\n                    Wenn Sie bereits ein Konto haben, loggen Sie sich ein.<br \/>\n                <\/a>\n            <\/p>\n<p class=\"paywall-text\">\n                Das Angebot bel\u00e4uft sich auf 1 EUR pro Woche bzw. 49 EUR im Jahr<br \/>\n                <br \/>\u2013 und das, solange Sie wollen. Sie bleiben flexibel, denn Ihr pressetext Abo+<br \/>\n                passt sich an Ihre Lesegewohnheiten an und ist jederzeit k\u00fcndbar<\/p>\n","protected":false},"excerpt":{"rendered":"pte20260714016 in Business Nur bei vier der 27 untersuchten kritischen Rohstoffe erreicht EU mehr als f\u00fcnf Prozent F\u00f6rderung&hellip;\n","protected":false},"author":2,"featured_media":274533,"comment_status":"","ping_status":"","sticky":false,"template":"","format":"standard","meta":{"footnotes":"","_share_on_mastodon":"0"},"categories":[3],"tags":[2403,26231,59,9214,42,34519,95,34520,76,75,74,29431,6355,11499,25182,1572,34517,34522,5455,34518,34516,23767,2034,34523,34521],"class_list":["post-274532","post","type-post","status-publish","format-standard","has-post-thumbnail","category-europa","tag-termine","tag-agentur","tag-aktuell","tag-aussendung","tag-austria","tag-bildagentur","tag-business","tag-businessdienst","tag-eu","tag-europa","tag-europe","tag-hightech","tag-innovation","tag-journalist","tag-leben","tag-medien","tag-nachrichtenagentur","tag-nachrichtensuche","tag-newsletter","tag-presseinformation","tag-pressetext","tag-recherche","tag-termin","tag-web-broadcast","tag-webtv"],"share_on_mastodon":{"url":"https:\/\/pubeurope.com\/@at\/116920619696387994","error":""},"_links":{"self":[{"href":"https:\/\/www.europesays.com\/at\/wp-json\/wp\/v2\/posts\/274532","targetHints":{"allow":["GET"]}}],"collection":[{"href":"https:\/\/www.europesays.com\/at\/wp-json\/wp\/v2\/posts"}],"about":[{"href":"https:\/\/www.europesays.com\/at\/wp-json\/wp\/v2\/types\/post"}],"author":[{"embeddable":true,"href":"https:\/\/www.europesays.com\/at\/wp-json\/wp\/v2\/users\/2"}],"replies":[{"embeddable":true,"href":"https:\/\/www.europesays.com\/at\/wp-json\/wp\/v2\/comments?post=274532"}],"version-history":[{"count":0,"href":"https:\/\/www.europesays.com\/at\/wp-json\/wp\/v2\/posts\/274532\/revisions"}],"wp:featuredmedia":[{"embeddable":true,"href":"https:\/\/www.europesays.com\/at\/wp-json\/wp\/v2\/media\/274533"}],"wp:attachment":[{"href":"https:\/\/www.europesays.com\/at\/wp-json\/wp\/v2\/media?parent=274532"}],"wp:term":[{"taxonomy":"category","embeddable":true,"href":"https:\/\/www.europesays.com\/at\/wp-json\/wp\/v2\/categories?post=274532"},{"taxonomy":"post_tag","embeddable":true,"href":"https:\/\/www.europesays.com\/at\/wp-json\/wp\/v2\/tags?post=274532"}],"curies":[{"name":"wp","href":"https:\/\/api.w.org\/{rel}","templated":true}]}}