{"id":274952,"date":"2026-07-15T04:18:10","date_gmt":"2026-07-15T04:18:10","guid":{"rendered":"https:\/\/www.europesays.com\/at\/274952\/"},"modified":"2026-07-15T04:18:10","modified_gmt":"2026-07-15T04:18:10","slug":"europa-eroeffnet-phase-2-der-verhandlungen-mit-der-ukraine","status":"publish","type":"post","link":"https:\/\/www.europesays.com\/at\/274952\/","title":{"rendered":"Europa er\u00f6ffnet Phase 2 der Verhandlungen mit der Ukraine."},"content":{"rendered":"<p><img decoding=\"async\" title=\"Europa er\u00f6ffnet Phase 2 der Verhandlungen mit der Ukraine.\" data-socail-link=\"https:\/\/baoangiang.com.vn\/chau-au-mo-giai-doan-2-dam-phan-voi-ukraine-a492574.html\" class=\"zoomimg zoomimg2\" alt=\"\" src=\"https:\/\/www.europesays.com\/at\/wp-content\/uploads\/2026\/07\/1784086349954_baoangiang-20-2-_mpg_000019080.jpeg\" style=\"width: 1600px; height: 900px;;cursor:pointer\"\/><\/p>\n<p data-state=\"italic\" style=\"text-align: center; font-style: italic;\"> W\u00e4hrend der Sitzung am 14. Juli f\u00fchrten die EU-Minister Gespr\u00e4che mit ihren ukrainischen Amtskollegen \u00fcber Sicherheit, Verteidigung und Au\u00dfenpolitik. (Bildausschnitt aus einem Video)<\/p>\n<p> Um Mitglied der EU zu werden, ben\u00f6tigt Kiew die einstimmige Zustimmung aller EU-Mitgliedstaaten.<\/p>\n<p> Analysten zufolge erf\u00fcllte das Treffen trotz der erzielten Fortschritte offenbar nicht die Erwartungen der <a class=\"data-link\" data-org-href=\"https:\/\/www.vietnam.vn\/tag\/ukraine\" href=\"https:\/\/www.vietnam.vn\/tag\/ukraine\" title=\"Ukraine\" target=\"_blank\" rel=\"nofollow noopener\">Ukraine<\/a> und der EU hinsichtlich des Beginns von Verhandlungen zu allen Themen vor den europ\u00e4ischen Sommerferien. Dies gilt insbesondere, da Kiew nicht der einzige EU-Beitrittskandidat ist, der Fortschritte in seinen Beitrittsverhandlungen erzielt. Auch Moldau, Montenegro und Albanien arbeiten derzeit daran, ihre Beitrittsantr\u00e4ge auszuweiten.<\/p>\n<p style=\"text-align: right;\"> RG<\/p>\n","protected":false},"excerpt":{"rendered":"W\u00e4hrend der Sitzung am 14. Juli f\u00fchrten die EU-Minister Gespr\u00e4che mit ihren ukrainischen Amtskollegen \u00fcber Sicherheit, Verteidigung und&hellip;\n","protected":false},"author":2,"featured_media":274953,"comment_status":"","ping_status":"","sticky":false,"template":"","format":"standard","meta":{"footnotes":"","_share_on_mastodon":"0"},"categories":[3],"tags":[732,66277,66273,66275,76,75,74,57424,66276,73926],"class_list":["post-274952","post","type-post","status-publish","format-standard","has-post-thumbnail","category-europa","tag-ukraine","tag-an-giang","tag-an-giang-zeitung","tag-apec-2027","tag-eu","tag-europa","tag-europe","tag-phu-quoc","tag-rach-gia","tag-verhandeln"],"share_on_mastodon":{"url":"https:\/\/pubeurope.com\/@at\/116922070273894482","error":""},"_links":{"self":[{"href":"https:\/\/www.europesays.com\/at\/wp-json\/wp\/v2\/posts\/274952","targetHints":{"allow":["GET"]}}],"collection":[{"href":"https:\/\/www.europesays.com\/at\/wp-json\/wp\/v2\/posts"}],"about":[{"href":"https:\/\/www.europesays.com\/at\/wp-json\/wp\/v2\/types\/post"}],"author":[{"embeddable":true,"href":"https:\/\/www.europesays.com\/at\/wp-json\/wp\/v2\/users\/2"}],"replies":[{"embeddable":true,"href":"https:\/\/www.europesays.com\/at\/wp-json\/wp\/v2\/comments?post=274952"}],"version-history":[{"count":0,"href":"https:\/\/www.europesays.com\/at\/wp-json\/wp\/v2\/posts\/274952\/revisions"}],"wp:featuredmedia":[{"embeddable":true,"href":"https:\/\/www.europesays.com\/at\/wp-json\/wp\/v2\/media\/274953"}],"wp:attachment":[{"href":"https:\/\/www.europesays.com\/at\/wp-json\/wp\/v2\/media?parent=274952"}],"wp:term":[{"taxonomy":"category","embeddable":true,"href":"https:\/\/www.europesays.com\/at\/wp-json\/wp\/v2\/categories?post=274952"},{"taxonomy":"post_tag","embeddable":true,"href":"https:\/\/www.europesays.com\/at\/wp-json\/wp\/v2\/tags?post=274952"}],"curies":[{"name":"wp","href":"https:\/\/api.w.org\/{rel}","templated":true}]}}