{"id":276337,"date":"2026-07-15T18:47:25","date_gmt":"2026-07-15T18:47:25","guid":{"rendered":"https:\/\/www.europesays.com\/at\/276337\/"},"modified":"2026-07-15T18:47:25","modified_gmt":"2026-07-15T18:47:25","slug":"generalprobe-gegen-pogon-stettin-sk-sturm","status":"publish","type":"post","link":"https:\/\/www.europesays.com\/at\/276337\/","title":{"rendered":"Generalprobe gegen Pogo\u0144 Stettin | SK Sturm"},"content":{"rendered":"<p>Nach den bisherigen Testspielen gegen N\u0160 Mura, LNZ Cherkasy, den FC Ko\u0161ice, den SC Kalsdorf und Sanfrecce Hiroshima wartet auf den SK Sturm die Generalprobe vor dem Europacup-Auftakt. Bereits am kommenden Dienstag geht es in der zweiten Runde der UEFA Champions League-Qualifikation im Stadion Graz-Liebenau gegen Heart of Midlothian. Mit Pogo\u0144 Stettin trifft Sturm auf einen etablierten Klub aus der polnischen Ekstraklasa. Die Mannschaft beendete die abgelaufene Saison auf dem neunten Tabellenplatz. Auch auf der Trainerbank der Polen gibt es einen bekannten Namen: \u00d3scar Garc\u00eda betreut Pogo\u0144 Stettin. Der Spanier war von 2016 bis 2017 Cheftrainer bei Red Bull Salzburg und kennt den \u00f6sterreichischen Fu\u00dfball daher bestens. F\u00fcr Sturm geht es im letzten Test vor allem darum, die in der Vorbereitung erarbeiteten Inhalte noch einmal auf den Platz zu bringen. Taktische Abl\u00e4ufe, Automatismen und die Abstimmung innerhalb der Mannschaft stehen im Mittelpunkt, ehe wenige Tage sp\u00e4ter mit dem Heimspiel gegen Hearts das erste gro\u00dfe Etappenziel der neuen Saison wartet. Aus strategischen Gr\u00fcnden haben sich beide Vereine darauf verst\u00e4ndigt, im letzten Testspiel vor dem Pflichtspielauftakt die Berichterstattung zu diesem Spiel auf ein Minimum zu begrenzen. Das Testspiel wird somit nicht \u00fcbertragen. <\/p>\n","protected":false},"excerpt":{"rendered":"Nach den bisherigen Testspielen gegen N\u0160 Mura, LNZ Cherkasy, den FC Ko\u0161ice, den SC Kalsdorf und Sanfrecce Hiroshima&hellip;\n","protected":false},"author":2,"featured_media":276338,"comment_status":"","ping_status":"","sticky":false,"template":"","format":"standard","meta":{"footnotes":"","_share_on_mastodon":"0"},"categories":[29],"tags":[13797,46,42,74162,183,358,15547,4356,44,74163,10054,4105,26606,60555,20405,74164,214,2017,3194],"class_list":["post-276337","post","type-post","status-publish","format-standard","has-post-thumbnail","category-graz","tag-13797","tag-at","tag-austria","tag-erstligisten","tag-graz","tag-leoben","tag-letzte","tag-mittwoch","tag-oesterreich","tag-pogon","tag-polnischen","tag-programm","tag-schwarz-weissen","tag-sommervorbereitung","tag-steht","tag-stettin","tag-sturm","tag-test","tag-treffen"],"share_on_mastodon":{"url":"https:\/\/pubeurope.com\/@at\/116925487223552616","error":""},"_links":{"self":[{"href":"https:\/\/www.europesays.com\/at\/wp-json\/wp\/v2\/posts\/276337","targetHints":{"allow":["GET"]}}],"collection":[{"href":"https:\/\/www.europesays.com\/at\/wp-json\/wp\/v2\/posts"}],"about":[{"href":"https:\/\/www.europesays.com\/at\/wp-json\/wp\/v2\/types\/post"}],"author":[{"embeddable":true,"href":"https:\/\/www.europesays.com\/at\/wp-json\/wp\/v2\/users\/2"}],"replies":[{"embeddable":true,"href":"https:\/\/www.europesays.com\/at\/wp-json\/wp\/v2\/comments?post=276337"}],"version-history":[{"count":0,"href":"https:\/\/www.europesays.com\/at\/wp-json\/wp\/v2\/posts\/276337\/revisions"}],"wp:featuredmedia":[{"embeddable":true,"href":"https:\/\/www.europesays.com\/at\/wp-json\/wp\/v2\/media\/276338"}],"wp:attachment":[{"href":"https:\/\/www.europesays.com\/at\/wp-json\/wp\/v2\/media?parent=276337"}],"wp:term":[{"taxonomy":"category","embeddable":true,"href":"https:\/\/www.europesays.com\/at\/wp-json\/wp\/v2\/categories?post=276337"},{"taxonomy":"post_tag","embeddable":true,"href":"https:\/\/www.europesays.com\/at\/wp-json\/wp\/v2\/tags?post=276337"}],"curies":[{"name":"wp","href":"https:\/\/api.w.org\/{rel}","templated":true}]}}