{"id":276717,"date":"2026-07-15T23:31:12","date_gmt":"2026-07-15T23:31:12","guid":{"rendered":"https:\/\/www.europesays.com\/at\/276717\/"},"modified":"2026-07-15T23:31:12","modified_gmt":"2026-07-15T23:31:12","slug":"collina-weist-kritik-bei-wm-zurueck-schiedsrichter-sind-weltklasse","status":"publish","type":"post","link":"https:\/\/www.europesays.com\/at\/276717\/","title":{"rendered":"Collina weist Kritik bei WM zur\u00fcck: &#8222;Schiedsrichter sind weltklasse&#8220;"},"content":{"rendered":"<p> <img decoding=\"async\" src=\"https:\/\/www.europesays.com\/at\/wp-content\/uploads\/2026\/07\/eaa975695e2c1af9e934b6bd502f25d6cc901c35.jpg\" alt=\"\"\/> <\/p>\n<p>Die FIFA hat die Kritik von Frankreichs Nationaltrainer Didier Deschamps an Schiedsrichter Iv\u00e1n Barton aus El Salvador zur\u00fcckgewiesen. Die Antwort des Weltverbandes auf die Bemerkung des franz\u00f6sischen Trainers, der infrage gestellt hatte, ob Barton das Niveau f\u00fcr ein WM-Halbfinale besitzt, sei &#8222;eindeutig: Ja, selbstverst\u00e4ndlich. Unsere Schiedsrichter sind weltklasse&#8220;, sagte Pierluigi Collina, Leiter der FIFA-Schiedsrichterkommission, auf AFP-Anfrage.\u00a0<a href=\"https:\/\/ticker.ligaportal.at\/spielplan\/2294\/fussball-wm\" rel=\"nofollow noopener\" target=\"_blank\">Verfolge alle K.o-Runden-Spiele der WM im Ligaportal-LIVETICKER!<\/a>\u00a0<\/p>\n<p><img decoding=\"async\" src=\"https:\/\/www.europesays.com\/at\/wp-content\/uploads\/2026\/07\/5e09a4c76c7e37fee1c7e35af2f652a767db72af.jpg\" alt=\"Strenger Blick: Pierluigi Collina (Foto: AFP\/SID\/PATRICIA DE MELO MOREIRA)\"\/><\/p>\n<p>Strenger Blick: Pierluigi Collina<\/p>\n<p>Foto: AFP\/SID\/PATRICIA DE MELO MOREIRA<\/p>\n<p>Nach dem verlorenen Halbfinale gegen Spanien (0:2) hatte sich Deschamps am Dienstag kritisch mit Blick auf den Referee ge\u00e4u\u00dfert. &#8222;Hat der Schiedsrichter das Niveau, um ein Halbfinale einer WM zu leiten? (&#8230;) Darauf werde ich nicht antworten. Es gab einige Situationen, die h\u00e4ufig auch zu unserem Nachteil ausgelegt wurden&#8220;, sagte er. Deschamps r\u00e4umte zugleich ein, dass der Hauptgrund f\u00fcr die Niederlage in der Leistung seines eigenen Teams gelegen habe.<\/p>\n<p>Die Schiedsrichterleistungen sind seit Beginn des Turniers in Nordamerika h\u00e4ufig diskutiert worden. Zuletzt hatte \u00c4gypten den Ausschluss des franz\u00f6sischen Schiedsrichters Francois Letexier gefordert und ihm &#8222;offensichtliche Fehler&#8220; vorgeworfen, die nach Ansicht der \u00c4gypter Argentinien im Achtelfinale (3:2) beg\u00fcnstigt h\u00e4tten.<\/p>\n<p class=\"text-secondary\">\u00a9 2026 SID<\/p>\n","protected":false},"excerpt":{"rendered":"Die FIFA hat die Kritik von Frankreichs Nationaltrainer Didier Deschamps an Schiedsrichter Iv\u00e1n Barton aus El Salvador zur\u00fcckgewiesen.&hellip;\n","protected":false},"author":2,"featured_media":276718,"comment_status":"","ping_status":"","sticky":false,"template":"","format":"standard","meta":{"footnotes":"","_share_on_mastodon":"0"},"categories":[8],"tags":[74220,25041,40,41,10829,39,38,72815],"class_list":["post-276717","post","type-post","status-publish","format-standard","has-post-thumbnail","category-nachrichten","tag-collina","tag-didier-deschamps","tag-nachrichten","tag-news","tag-schiedsrichter","tag-schlagzeilen","tag-top-meldungen","tag-wm-halbfinale"],"share_on_mastodon":{"url":"https:\/\/pubeurope.com\/@at\/116926604113521831","error":""},"_links":{"self":[{"href":"https:\/\/www.europesays.com\/at\/wp-json\/wp\/v2\/posts\/276717","targetHints":{"allow":["GET"]}}],"collection":[{"href":"https:\/\/www.europesays.com\/at\/wp-json\/wp\/v2\/posts"}],"about":[{"href":"https:\/\/www.europesays.com\/at\/wp-json\/wp\/v2\/types\/post"}],"author":[{"embeddable":true,"href":"https:\/\/www.europesays.com\/at\/wp-json\/wp\/v2\/users\/2"}],"replies":[{"embeddable":true,"href":"https:\/\/www.europesays.com\/at\/wp-json\/wp\/v2\/comments?post=276717"}],"version-history":[{"count":0,"href":"https:\/\/www.europesays.com\/at\/wp-json\/wp\/v2\/posts\/276717\/revisions"}],"wp:featuredmedia":[{"embeddable":true,"href":"https:\/\/www.europesays.com\/at\/wp-json\/wp\/v2\/media\/276718"}],"wp:attachment":[{"href":"https:\/\/www.europesays.com\/at\/wp-json\/wp\/v2\/media?parent=276717"}],"wp:term":[{"taxonomy":"category","embeddable":true,"href":"https:\/\/www.europesays.com\/at\/wp-json\/wp\/v2\/categories?post=276717"},{"taxonomy":"post_tag","embeddable":true,"href":"https:\/\/www.europesays.com\/at\/wp-json\/wp\/v2\/tags?post=276717"}],"curies":[{"name":"wp","href":"https:\/\/api.w.org\/{rel}","templated":true}]}}